{"id":3361,"date":"2018-11-13T11:51:10","date_gmt":"2018-11-13T10:51:10","guid":{"rendered":"http:\/\/agora.xtec.cat\/iesdelvoltreganes\/?p=3361"},"modified":"2018-11-14T23:18:18","modified_gmt":"2018-11-14T22:18:18","slug":"projecte-habitat-coneixement-de-lentorn","status":"publish","type":"post","link":"https:\/\/agora.xtec.cat\/iesdelvoltreganes\/general\/projecte-habitat-coneixement-de-lentorn\/","title":{"rendered":"Projecte h\u00e0bitat, coneixement de l&#8217;entorn"},"content":{"rendered":"<p><a href=\"https:\/\/photos.app.goo.gl\/iPe3eEDpUx9eRWfa8\" target=\"_blank\" rel=\"noopener\"><img loading=\"lazy\" decoding=\"async\" class=\"alignnone wp-image-3362 size-medium\" src=\"https:\/\/agora.xtec.cat\/iesdelvoltreganes\/wp-content\/uploads\/usu618\/2018\/11\/IMG_4970-300x225.jpg\" alt=\"\" width=\"300\" height=\"225\" srcset=\"https:\/\/agora.xtec.cat\/iesdelvoltreganes\/wp-content\/uploads\/usu618\/2018\/11\/IMG_4970-300x225.jpg 300w, https:\/\/agora.xtec.cat\/iesdelvoltreganes\/wp-content\/uploads\/usu618\/2018\/11\/IMG_4970-768x576.jpg 768w, https:\/\/agora.xtec.cat\/iesdelvoltreganes\/wp-content\/uploads\/usu618\/2018\/11\/IMG_4970-1024x768.jpg 1024w, https:\/\/agora.xtec.cat\/iesdelvoltreganes\/wp-content\/uploads\/usu618\/2018\/11\/IMG_4970-200x150.jpg 200w, https:\/\/agora.xtec.cat\/iesdelvoltreganes\/wp-content\/uploads\/usu618\/2018\/11\/IMG_4970.jpg 1632w\" sizes=\"auto, (max-width: 300px) 100vw, 300px\" \/><\/a><\/p>\n<p>Els alumnes i les professores de l\u2019optativa de ci\u00e8ncies naturals de 1r d&#8217;ESO v\u00e0rem fer la primera sortida del Projecte H\u00e0bitat. En aquest projecte impulsem l\u2019aprenentatge col\u00b7laboratiu basat en l\u2019experimentaci\u00f3. Treballem compet\u00e8ncies de la dimensi\u00f3 de medi ambient, com explicar les interrelacions entre elements de l\u2019espai geogr\u00e0fic per gestionar les activitats humanes amb criteris de sostenibilitat; de l\u2019\u00e0mbit digital, com utilitzar diferents dispositius digitals, i tamb\u00e9 compet\u00e8ncies de l\u2019\u00e0mbit personal i social, com participar a l\u2019entorn de manera reflexiva i responsable.<\/p>\n","protected":false},"excerpt":{"rendered":"<p><a href=\"https:\/\/photos.app.goo.gl\/iPe3eEDpUx9eRWfa8\" target=\"_blank\" rel=\"noopener\"><\/a><br \/>\nEls alumnes i les professores de l\u2019optativa de ci\u00e8ncies naturals de 1r d&#8217;ESO v\u00e0rem fer la primera sortida del Projecte H\u00e0bitat. En aquest projecte impulsem l\u2019aprenentatge col\u00b7laboratiu basat en l\u2019experimentaci\u00f3. Treballem compet\u00e8ncies de la dimensi\u00f3 de medi ambient, com explicar les interrelacions&hellip;  <a href=\"https:\/\/agora.xtec.cat\/iesdelvoltreganes\/general\/projecte-habitat-coneixement-de-lentorn\/\" title=\"Read Projecte h\u00e0bitat, coneixement de l&#8217;entorn\">Llegeix m\u00e9s\u00bb<\/a><\/p>\n","protected":false},"author":6,"featured_media":0,"comment_status":"closed","ping_status":"closed","sticky":false,"template":"","format":"standard","meta":{"_bbp_topic_count":0,"_bbp_reply_count":0,"_bbp_total_topic_count":0,"_bbp_total_reply_count":0,"_bbp_voice_count":0,"_bbp_anonymous_reply_count":0,"_bbp_topic_count_hidden":0,"_bbp_reply_count_hidden":0,"_bbp_forum_subforum_count":0,"footnotes":""},"categories":[65,4,1,29],"tags":[39],"class_list":["post-3361","post","type-post","status-publish","format-standard","hentry","category-ciencies-experimentals","category-eso-1","category-general","category-portada","tag-sortides"],"post_mailing_queue_ids":[],"_links":{"self":[{"href":"https:\/\/agora.xtec.cat\/iesdelvoltreganes\/wp-json\/wp\/v2\/posts\/3361","targetHints":{"allow":["GET"]}}],"collection":[{"href":"https:\/\/agora.xtec.cat\/iesdelvoltreganes\/wp-json\/wp\/v2\/posts"}],"about":[{"href":"https:\/\/agora.xtec.cat\/iesdelvoltreganes\/wp-json\/wp\/v2\/types\/post"}],"author":[{"embeddable":true,"href":"https:\/\/agora.xtec.cat\/iesdelvoltreganes\/wp-json\/wp\/v2\/users\/6"}],"replies":[{"embeddable":true,"href":"https:\/\/agora.xtec.cat\/iesdelvoltreganes\/wp-json\/wp\/v2\/comments?post=3361"}],"version-history":[{"count":2,"href":"https:\/\/agora.xtec.cat\/iesdelvoltreganes\/wp-json\/wp\/v2\/posts\/3361\/revisions"}],"predecessor-version":[{"id":3364,"href":"https:\/\/agora.xtec.cat\/iesdelvoltreganes\/wp-json\/wp\/v2\/posts\/3361\/revisions\/3364"}],"wp:attachment":[{"href":"https:\/\/agora.xtec.cat\/iesdelvoltreganes\/wp-json\/wp\/v2\/media?parent=3361"}],"wp:term":[{"taxonomy":"category","embeddable":true,"href":"https:\/\/agora.xtec.cat\/iesdelvoltreganes\/wp-json\/wp\/v2\/categories?post=3361"},{"taxonomy":"post_tag","embeddable":true,"href":"https:\/\/agora.xtec.cat\/iesdelvoltreganes\/wp-json\/wp\/v2\/tags?post=3361"}],"curies":[{"name":"wp","href":"https:\/\/api.w.org\/{rel}","templated":true}]}}