{"id":3345,"date":"2018-11-08T12:25:27","date_gmt":"2018-11-08T11:25:27","guid":{"rendered":"http:\/\/agora.xtec.cat\/iesdelvoltreganes\/?p=3345"},"modified":"2018-11-15T12:07:35","modified_gmt":"2018-11-15T11:07:35","slug":"sortida-a-les-coves-del-toll-2","status":"publish","type":"post","link":"https:\/\/agora.xtec.cat\/iesdelvoltreganes\/general\/sortida-a-les-coves-del-toll-2\/","title":{"rendered":"Sortida a les Coves del Toll"},"content":{"rendered":"<p>El dimecres 7 de novembre, en plena tardor, l&#8217;alumnat de primer d&#8217;ESO va fer una sortida a les Coves del Toll de Moi\u00e0 per participar en un taller d&#8217;arqueologia i passar unes hores en un aut\u00e8ntic jaciment prehist\u00f2ric. L&#8217;activitat va servir per acabar d&#8217;arrodonir els coneixements sobre les societats primitives i el seu entorn.<\/p>\n<p><a href=\"https:\/\/photos.app.goo.gl\/M6TyK6wcHbCGTrah7\" target=\"_blank\" rel=\"noopener\"><img loading=\"lazy\" decoding=\"async\" class=\"alignnone wp-image-3346 size-medium\" src=\"https:\/\/agora.xtec.cat\/iesdelvoltreganes\/wp-content\/uploads\/usu618\/2018\/11\/PHOTO-2018-11-07-14-25-42_1-300x169.jpg\" alt=\"\" width=\"300\" height=\"169\" srcset=\"https:\/\/agora.xtec.cat\/iesdelvoltreganes\/wp-content\/uploads\/usu618\/2018\/11\/PHOTO-2018-11-07-14-25-42_1-300x169.jpg 300w, https:\/\/agora.xtec.cat\/iesdelvoltreganes\/wp-content\/uploads\/usu618\/2018\/11\/PHOTO-2018-11-07-14-25-42_1-768x432.jpg 768w, https:\/\/agora.xtec.cat\/iesdelvoltreganes\/wp-content\/uploads\/usu618\/2018\/11\/PHOTO-2018-11-07-14-25-42_1-1024x576.jpg 1024w, https:\/\/agora.xtec.cat\/iesdelvoltreganes\/wp-content\/uploads\/usu618\/2018\/11\/PHOTO-2018-11-07-14-25-42_1.jpg 1600w\" sizes=\"auto, (max-width: 300px) 100vw, 300px\" \/><\/a><\/p>\n<p>https:\/\/youtu.be\/86JtFRg2D9s<\/p>\n","protected":false},"excerpt":{"rendered":"<p>El dimecres 7 de novembre, en plena tardor, l&#8217;alumnat de primer d&#8217;ESO va fer una sortida a les Coves del Toll de Moi\u00e0 per participar en un taller d&#8217;arqueologia i passar unes hores en un aut\u00e8ntic jaciment prehist\u00f2ric. L&#8217;activitat va servir per acabar d&#8217;arrodonir els&hellip;  <a href=\"https:\/\/agora.xtec.cat\/iesdelvoltreganes\/general\/sortida-a-les-coves-del-toll-2\/\" title=\"Read Sortida a les Coves del Toll\">Llegeix m\u00e9s\u00bb<\/a><\/p>\n","protected":false},"author":6,"featured_media":0,"comment_status":"closed","ping_status":"closed","sticky":false,"template":"","format":"standard","meta":{"_bbp_topic_count":0,"_bbp_reply_count":0,"_bbp_total_topic_count":0,"_bbp_total_reply_count":0,"_bbp_voice_count":0,"_bbp_anonymous_reply_count":0,"_bbp_topic_count_hidden":0,"_bbp_reply_count_hidden":0,"_bbp_forum_subforum_count":0,"footnotes":""},"categories":[66,4,1,29],"tags":[39],"class_list":["post-3345","post","type-post","status-publish","format-standard","hentry","category-ciencies-socials","category-eso-1","category-general","category-portada","tag-sortides"],"post_mailing_queue_ids":[],"_links":{"self":[{"href":"https:\/\/agora.xtec.cat\/iesdelvoltreganes\/wp-json\/wp\/v2\/posts\/3345","targetHints":{"allow":["GET"]}}],"collection":[{"href":"https:\/\/agora.xtec.cat\/iesdelvoltreganes\/wp-json\/wp\/v2\/posts"}],"about":[{"href":"https:\/\/agora.xtec.cat\/iesdelvoltreganes\/wp-json\/wp\/v2\/types\/post"}],"author":[{"embeddable":true,"href":"https:\/\/agora.xtec.cat\/iesdelvoltreganes\/wp-json\/wp\/v2\/users\/6"}],"replies":[{"embeddable":true,"href":"https:\/\/agora.xtec.cat\/iesdelvoltreganes\/wp-json\/wp\/v2\/comments?post=3345"}],"version-history":[{"count":2,"href":"https:\/\/agora.xtec.cat\/iesdelvoltreganes\/wp-json\/wp\/v2\/posts\/3345\/revisions"}],"predecessor-version":[{"id":3348,"href":"https:\/\/agora.xtec.cat\/iesdelvoltreganes\/wp-json\/wp\/v2\/posts\/3345\/revisions\/3348"}],"wp:attachment":[{"href":"https:\/\/agora.xtec.cat\/iesdelvoltreganes\/wp-json\/wp\/v2\/media?parent=3345"}],"wp:term":[{"taxonomy":"category","embeddable":true,"href":"https:\/\/agora.xtec.cat\/iesdelvoltreganes\/wp-json\/wp\/v2\/categories?post=3345"},{"taxonomy":"post_tag","embeddable":true,"href":"https:\/\/agora.xtec.cat\/iesdelvoltreganes\/wp-json\/wp\/v2\/tags?post=3345"}],"curies":[{"name":"wp","href":"https:\/\/api.w.org\/{rel}","templated":true}]}}