{"id":3287,"date":"2018-10-26T13:12:24","date_gmt":"2018-10-26T11:12:24","guid":{"rendered":"http:\/\/agora.xtec.cat\/iesdelvoltreganes\/?p=3287"},"modified":"2018-11-12T18:05:59","modified_gmt":"2018-11-12T17:05:59","slug":"hokusai","status":"publish","type":"post","link":"https:\/\/agora.xtec.cat\/iesdelvoltreganes\/general\/hokusai\/","title":{"rendered":"Hokusai"},"content":{"rendered":"<p>Hem posat les figures de fang blanc un cop seques al forn. S&#8217;han trencat totes! Ens hem informat i hem arribat a la conclusi\u00f3 que al fang blanc escolar hi deuen afegir guix i altres materials que fan que no es pugui coure. No ens hem desanimat i les hem tornat a fer amb fang vermell o argila.<\/p>\n<p><a href=\"https:\/\/agora.xtec.cat\/iesdelvoltreganes\/wp-content\/uploads\/usu618\/2018\/10\/DSC_0138.jpg\"><img loading=\"lazy\" decoding=\"async\" class=\"alignnone size-medium wp-image-3306\" src=\"https:\/\/agora.xtec.cat\/iesdelvoltreganes\/wp-content\/uploads\/usu618\/2018\/10\/DSC_0138-300x199.jpg\" alt=\"\" width=\"300\" height=\"199\" srcset=\"https:\/\/agora.xtec.cat\/iesdelvoltreganes\/wp-content\/uploads\/usu618\/2018\/10\/DSC_0138-300x199.jpg 300w, https:\/\/agora.xtec.cat\/iesdelvoltreganes\/wp-content\/uploads\/usu618\/2018\/10\/DSC_0138-768x511.jpg 768w, https:\/\/agora.xtec.cat\/iesdelvoltreganes\/wp-content\/uploads\/usu618\/2018\/10\/DSC_0138-1024x681.jpg 1024w, https:\/\/agora.xtec.cat\/iesdelvoltreganes\/wp-content\/uploads\/usu618\/2018\/10\/DSC_0138.jpg 1504w\" sizes=\"auto, (max-width: 300px) 100vw, 300px\" \/><\/a><\/p>\n<p>Arran del desastre que hem sofert hem parlat de Hokusai. Aquest artista quan tenia setanta anys se li va cremar la casa i totes les obres que hi tenia. Les va tornar a fer totes!<\/p>\n<p>Katsushika Hokusai (1760-1849) encarna l\u2019espiritualitat i l\u2019\u00e0nima japoneses. Practica tots els g\u00e8neres tradicionals \u2014retrats de geisha, d\u2019actors de kabuki i de lluitadors de sumo, escenes de la vida quotidiana, refinades targetes d\u2019invitaci\u00f3 i felicitaci\u00f3, il\u00b7lustracions de novel\u00b7les i de poesies\u2014, per\u00f2 \u00e9s durant la d\u00e8cada de 1830, amb la publicaci\u00f3 de les seves grans s\u00e8ries de paisatge, en qu\u00e8 tracta els paratges naturals en si mateixos, que d\u00f3na una vigorosa embranzida a l\u2019estampa japonesa.<\/p>\n<p><span style=\"font-weight: 400;\"><a href=\"https:\/\/agora.xtec.cat\/iesdelvoltreganes\/wp-content\/uploads\/usu618\/2018\/10\/The_Great_Wave_off_Kanagawa.jpg\"><img loading=\"lazy\" decoding=\"async\" class=\"alignnone size-medium wp-image-3290\" src=\"https:\/\/agora.xtec.cat\/iesdelvoltreganes\/wp-content\/uploads\/usu618\/2018\/10\/The_Great_Wave_off_Kanagawa-300x207.jpg\" alt=\"\" width=\"300\" height=\"207\" srcset=\"https:\/\/agora.xtec.cat\/iesdelvoltreganes\/wp-content\/uploads\/usu618\/2018\/10\/The_Great_Wave_off_Kanagawa-300x207.jpg 300w, https:\/\/agora.xtec.cat\/iesdelvoltreganes\/wp-content\/uploads\/usu618\/2018\/10\/The_Great_Wave_off_Kanagawa.jpg 640w\" sizes=\"auto, (max-width: 300px) 100vw, 300px\" \/><\/a><a href=\"https:\/\/agora.xtec.cat\/iesdelvoltreganes\/wp-content\/uploads\/usu618\/2018\/10\/Brooklyn_Museum_-_A_Shower_Below_the_Summit_from_the_series_Thirty_-six_Views_of_Mount_Fuji_Fugaku_sanjurokkei_-_Katsushika_Hokusai.jpg\"><img loading=\"lazy\" decoding=\"async\" class=\"alignnone size-medium wp-image-3291\" src=\"https:\/\/agora.xtec.cat\/iesdelvoltreganes\/wp-content\/uploads\/usu618\/2018\/10\/Brooklyn_Museum_-_A_Shower_Below_the_Summit_from_the_series_Thirty_-six_Views_of_Mount_Fuji_Fugaku_sanjurokkei_-_Katsushika_Hokusai-300x204.jpg\" alt=\"\" width=\"300\" height=\"204\" srcset=\"https:\/\/agora.xtec.cat\/iesdelvoltreganes\/wp-content\/uploads\/usu618\/2018\/10\/Brooklyn_Museum_-_A_Shower_Below_the_Summit_from_the_series_Thirty_-six_Views_of_Mount_Fuji_Fugaku_sanjurokkei_-_Katsushika_Hokusai-300x204.jpg 300w, https:\/\/agora.xtec.cat\/iesdelvoltreganes\/wp-content\/uploads\/usu618\/2018\/10\/Brooklyn_Museum_-_A_Shower_Below_the_Summit_from_the_series_Thirty_-six_Views_of_Mount_Fuji_Fugaku_sanjurokkei_-_Katsushika_Hokusai.jpg 768w\" sizes=\"auto, (max-width: 300px) 100vw, 300px\" \/><\/a> <a href=\"https:\/\/agora.xtec.cat\/iesdelvoltreganes\/wp-content\/uploads\/usu618\/2018\/10\/Hokusai-fuji7.png\"><img loading=\"lazy\" decoding=\"async\" class=\"alignnone size-medium wp-image-3292\" src=\"https:\/\/agora.xtec.cat\/iesdelvoltreganes\/wp-content\/uploads\/usu618\/2018\/10\/Hokusai-fuji7-300x188.png\" alt=\"\" width=\"300\" height=\"188\" srcset=\"https:\/\/agora.xtec.cat\/iesdelvoltreganes\/wp-content\/uploads\/usu618\/2018\/10\/Hokusai-fuji7-300x188.png 300w, https:\/\/agora.xtec.cat\/iesdelvoltreganes\/wp-content\/uploads\/usu618\/2018\/10\/Hokusai-fuji7.png 600w\" sizes=\"auto, (max-width: 300px) 100vw, 300px\" \/><\/a><a href=\"https:\/\/agora.xtec.cat\/iesdelvoltreganes\/wp-content\/uploads\/usu618\/2018\/10\/800px-Hokusai_Irises.jpg\"><img loading=\"lazy\" decoding=\"async\" class=\"alignnone size-medium wp-image-3294\" src=\"https:\/\/agora.xtec.cat\/iesdelvoltreganes\/wp-content\/uploads\/usu618\/2018\/10\/800px-Hokusai_Irises-300x196.jpg\" alt=\"\" width=\"300\" height=\"196\" srcset=\"https:\/\/agora.xtec.cat\/iesdelvoltreganes\/wp-content\/uploads\/usu618\/2018\/10\/800px-Hokusai_Irises-300x196.jpg 300w, https:\/\/agora.xtec.cat\/iesdelvoltreganes\/wp-content\/uploads\/usu618\/2018\/10\/800px-Hokusai_Irises-768x502.jpg 768w, https:\/\/agora.xtec.cat\/iesdelvoltreganes\/wp-content\/uploads\/usu618\/2018\/10\/800px-Hokusai_Irises.jpg 800w\" sizes=\"auto, (max-width: 300px) 100vw, 300px\" \/><\/a><\/span><\/p>\n<p><span style=\"font-weight: 400;\">\u00abA sis anys vaig comen\u00e7ar a dibuixar tota mena de coses. A cinquanta anys ja havia dibuixat molt, per\u00f2 res del que he fet abans del meu setant\u00e8 aniversari no mereix cap comentari especial. Fins als setanta-tres anys no he comen\u00e7at a comprendre la veritable forma dels animals, els insectes i els peixos i la naturalesa de les plantes i els arbres. Aix\u00ed doncs, als vuitanta anys haur\u00e9 millorat encara m\u00e9s, i als noranta m\u2019haur\u00e9 endinsat m\u00e9s en l\u2019ess\u00e8ncia de l\u2019art. Als cent anys haur\u00e9 arribat finalment a un nivell excepcional, i, als cent deu, cada punt i cada l\u00ednia dels meus dibuixos tindr\u00e0 vida pr\u00f2pia. Demano als qui em sobreviuran que constatin que no he parlat sense ra\u00f3.\u00bb<\/span><br \/>\nKatsushika Hokusai<\/p>\n","protected":false},"excerpt":{"rendered":"<p>Hem posat les figures de fang blanc un cop seques al forn. S&#8217;han trencat totes! Ens hem informat i hem arribat a la conclusi\u00f3 que al fang blanc escolar hi deuen afegir guix i altres materials que fan que no es pugui coure. No ens&hellip;  <a href=\"https:\/\/agora.xtec.cat\/iesdelvoltreganes\/general\/hokusai\/\" title=\"Read Hokusai\">Llegeix m\u00e9s\u00bb<\/a><\/p>\n","protected":false},"author":6,"featured_media":0,"comment_status":"closed","ping_status":"closed","sticky":false,"template":"","format":"standard","meta":{"_bbp_topic_count":0,"_bbp_reply_count":0,"_bbp_total_topic_count":0,"_bbp_total_reply_count":0,"_bbp_voice_count":0,"_bbp_anonymous_reply_count":0,"_bbp_topic_count_hidden":0,"_bbp_reply_count_hidden":0,"_bbp_forum_subforum_count":0,"footnotes":""},"categories":[4,1,64],"tags":[],"class_list":["post-3287","post","type-post","status-publish","format-standard","hentry","category-eso-1","category-general","category-tecnologia"],"post_mailing_queue_ids":[],"_links":{"self":[{"href":"https:\/\/agora.xtec.cat\/iesdelvoltreganes\/wp-json\/wp\/v2\/posts\/3287","targetHints":{"allow":["GET"]}}],"collection":[{"href":"https:\/\/agora.xtec.cat\/iesdelvoltreganes\/wp-json\/wp\/v2\/posts"}],"about":[{"href":"https:\/\/agora.xtec.cat\/iesdelvoltreganes\/wp-json\/wp\/v2\/types\/post"}],"author":[{"embeddable":true,"href":"https:\/\/agora.xtec.cat\/iesdelvoltreganes\/wp-json\/wp\/v2\/users\/6"}],"replies":[{"embeddable":true,"href":"https:\/\/agora.xtec.cat\/iesdelvoltreganes\/wp-json\/wp\/v2\/comments?post=3287"}],"version-history":[{"count":3,"href":"https:\/\/agora.xtec.cat\/iesdelvoltreganes\/wp-json\/wp\/v2\/posts\/3287\/revisions"}],"predecessor-version":[{"id":3351,"href":"https:\/\/agora.xtec.cat\/iesdelvoltreganes\/wp-json\/wp\/v2\/posts\/3287\/revisions\/3351"}],"wp:attachment":[{"href":"https:\/\/agora.xtec.cat\/iesdelvoltreganes\/wp-json\/wp\/v2\/media?parent=3287"}],"wp:term":[{"taxonomy":"category","embeddable":true,"href":"https:\/\/agora.xtec.cat\/iesdelvoltreganes\/wp-json\/wp\/v2\/categories?post=3287"},{"taxonomy":"post_tag","embeddable":true,"href":"https:\/\/agora.xtec.cat\/iesdelvoltreganes\/wp-json\/wp\/v2\/tags?post=3287"}],"curies":[{"name":"wp","href":"https:\/\/api.w.org\/{rel}","templated":true}]}}