{"id":3284,"date":"2018-11-05T11:49:17","date_gmt":"2018-11-05T10:49:17","guid":{"rendered":"http:\/\/agora.xtec.cat\/iesdelvoltreganes\/?p=3284"},"modified":"2018-11-06T13:15:52","modified_gmt":"2018-11-06T12:15:52","slug":"installacio-electrica","status":"publish","type":"post","link":"https:\/\/agora.xtec.cat\/iesdelvoltreganes\/general\/installacio-electrica\/","title":{"rendered":"Instal\u00b7laci\u00f3 el\u00e8ctrica"},"content":{"rendered":"<p>Els alumnes de 4t d&#8217;ESO han posat en pr\u00e0ctica els coneixements te\u00f2rics sobre la instal\u00b7laci\u00f3 el\u00e8ctrica d\u2019un habitatge. Han muntat una instal\u00b7laci\u00f3 damunt d\u2019un plaf\u00f3 de DM amb el dibuix de les diferents habitacions. Ara saben els colors de les fases, del neutre i del terra, i com es munten un interruptor, un commutador i un commutador d\u2019encreuament.<br \/>\n<a href=\"https:\/\/photos.app.goo.gl\/nGLbkdgk9EhkkzyP8\" target=\"_blank\" rel=\"noopener\"><img loading=\"lazy\" decoding=\"async\" class=\"alignnone wp-image-3285 size-medium\" src=\"https:\/\/agora.xtec.cat\/iesdelvoltreganes\/wp-content\/uploads\/usu618\/2018\/10\/DSC_0152-300x199.jpg\" alt=\"\" width=\"300\" height=\"199\" srcset=\"https:\/\/agora.xtec.cat\/iesdelvoltreganes\/wp-content\/uploads\/usu618\/2018\/10\/DSC_0152-300x199.jpg 300w, https:\/\/agora.xtec.cat\/iesdelvoltreganes\/wp-content\/uploads\/usu618\/2018\/10\/DSC_0152-768x511.jpg 768w, https:\/\/agora.xtec.cat\/iesdelvoltreganes\/wp-content\/uploads\/usu618\/2018\/10\/DSC_0152-1024x681.jpg 1024w, https:\/\/agora.xtec.cat\/iesdelvoltreganes\/wp-content\/uploads\/usu618\/2018\/10\/DSC_0152.jpg 1504w\" sizes=\"auto, (max-width: 300px) 100vw, 300px\" \/><\/a><\/p>\n","protected":false},"excerpt":{"rendered":"<p>Els alumnes de 4t d&#8217;ESO han posat en pr\u00e0ctica els coneixements te\u00f2rics sobre la instal\u00b7laci\u00f3 el\u00e8ctrica d\u2019un habitatge. Han muntat una instal\u00b7laci\u00f3 damunt d\u2019un plaf\u00f3 de DM amb el dibuix de les diferents habitacions. Ara saben els colors de les fases, del neutre i del&hellip;  <a href=\"https:\/\/agora.xtec.cat\/iesdelvoltreganes\/general\/installacio-electrica\/\" title=\"Read Instal\u00b7laci\u00f3 el\u00e8ctrica\">Llegeix m\u00e9s\u00bb<\/a><\/p>\n","protected":false},"author":6,"featured_media":0,"comment_status":"closed","ping_status":"closed","sticky":false,"template":"","format":"standard","meta":{"_bbp_topic_count":0,"_bbp_reply_count":0,"_bbp_total_topic_count":0,"_bbp_total_reply_count":0,"_bbp_voice_count":0,"_bbp_anonymous_reply_count":0,"_bbp_topic_count_hidden":0,"_bbp_reply_count_hidden":0,"_bbp_forum_subforum_count":0,"footnotes":""},"categories":[7,1,64],"tags":[],"class_list":["post-3284","post","type-post","status-publish","format-standard","hentry","category-eso-4","category-general","category-tecnologia"],"post_mailing_queue_ids":[],"_links":{"self":[{"href":"https:\/\/agora.xtec.cat\/iesdelvoltreganes\/wp-json\/wp\/v2\/posts\/3284","targetHints":{"allow":["GET"]}}],"collection":[{"href":"https:\/\/agora.xtec.cat\/iesdelvoltreganes\/wp-json\/wp\/v2\/posts"}],"about":[{"href":"https:\/\/agora.xtec.cat\/iesdelvoltreganes\/wp-json\/wp\/v2\/types\/post"}],"author":[{"embeddable":true,"href":"https:\/\/agora.xtec.cat\/iesdelvoltreganes\/wp-json\/wp\/v2\/users\/6"}],"replies":[{"embeddable":true,"href":"https:\/\/agora.xtec.cat\/iesdelvoltreganes\/wp-json\/wp\/v2\/comments?post=3284"}],"version-history":[{"count":2,"href":"https:\/\/agora.xtec.cat\/iesdelvoltreganes\/wp-json\/wp\/v2\/posts\/3284\/revisions"}],"predecessor-version":[{"id":3341,"href":"https:\/\/agora.xtec.cat\/iesdelvoltreganes\/wp-json\/wp\/v2\/posts\/3284\/revisions\/3341"}],"wp:attachment":[{"href":"https:\/\/agora.xtec.cat\/iesdelvoltreganes\/wp-json\/wp\/v2\/media?parent=3284"}],"wp:term":[{"taxonomy":"category","embeddable":true,"href":"https:\/\/agora.xtec.cat\/iesdelvoltreganes\/wp-json\/wp\/v2\/categories?post=3284"},{"taxonomy":"post_tag","embeddable":true,"href":"https:\/\/agora.xtec.cat\/iesdelvoltreganes\/wp-json\/wp\/v2\/tags?post=3284"}],"curies":[{"name":"wp","href":"https:\/\/api.w.org\/{rel}","templated":true}]}}