{"id":3253,"date":"2018-09-27T17:03:07","date_gmt":"2018-09-27T15:03:07","guid":{"rendered":"http:\/\/agora.xtec.cat\/iesdelvoltreganes\/?p=3253"},"modified":"2018-09-27T17:03:07","modified_gmt":"2018-09-27T15:03:07","slug":"lenhorabona-pel-certificat-cambridge-english","status":"publish","type":"post","link":"https:\/\/agora.xtec.cat\/iesdelvoltreganes\/general\/lenhorabona-pel-certificat-cambridge-english\/","title":{"rendered":"L&#8217;enhorabona pel certificat Cambridge English!"},"content":{"rendered":"<p>L&#8217;institut del Voltregan\u00e8s prepara alumnes per a proves oficials d&#8217;idiomes. Els ex\u00e0mens es preparen al llarg del curs i es realitzen el mes de maig \/ juny, \u00e9s per aix\u00f2 que el lliurament de certificats es fa durant el primer trimestre del curs seg\u00fcent. Per angl\u00e8s, dues alumnes, Eul\u00e0lia Ordeig i Marta Serrallonga, s&#8217;han presentat per obtenir el nivell B1 (PET) i una, Alba Golet, per a l&#8217;obtenci\u00f3 del nivell B2 (First Certificate). Totes tres han aconseguit el certificat; una d&#8217;elles amb menci\u00f3 especial. Congratulations!<br \/>\n<a href=\"http:\/\/agora.xtec.cat\/iesdelvoltreganes\/wp-content\/uploads\/usu618\/2018\/09\/PHOTO-2018-09-27-11-41-09.jpg\"><img loading=\"lazy\" decoding=\"async\" class=\"size-medium wp-image-3254 aligncenter\" src=\"http:\/\/agora.xtec.cat\/iesdelvoltreganes\/wp-content\/uploads\/usu618\/2018\/09\/PHOTO-2018-09-27-11-41-09-300x225.jpg\" alt=\"\" width=\"300\" height=\"225\" srcset=\"https:\/\/agora.xtec.cat\/iesdelvoltreganes\/wp-content\/uploads\/usu618\/2018\/09\/PHOTO-2018-09-27-11-41-09-300x225.jpg 300w, https:\/\/agora.xtec.cat\/iesdelvoltreganes\/wp-content\/uploads\/usu618\/2018\/09\/PHOTO-2018-09-27-11-41-09-768x576.jpg 768w, https:\/\/agora.xtec.cat\/iesdelvoltreganes\/wp-content\/uploads\/usu618\/2018\/09\/PHOTO-2018-09-27-11-41-09.jpg 1024w, https:\/\/agora.xtec.cat\/iesdelvoltreganes\/wp-content\/uploads\/usu618\/2018\/09\/PHOTO-2018-09-27-11-41-09-200x150.jpg 200w\" sizes=\"auto, (max-width: 300px) 100vw, 300px\" \/><\/a><\/p>\n","protected":false},"excerpt":{"rendered":"<p>L&#8217;institut del Voltregan\u00e8s prepara alumnes per a proves oficials d&#8217;idiomes. Els ex\u00e0mens es preparen al llarg del curs i es realitzen el mes de maig \/ juny, \u00e9s per aix\u00f2 que el lliurament de certificats es fa durant el primer trimestre del curs seg\u00fcent. Per&hellip;  <a href=\"https:\/\/agora.xtec.cat\/iesdelvoltreganes\/general\/lenhorabona-pel-certificat-cambridge-english\/\" title=\"Read L&#8217;enhorabona pel certificat Cambridge English!\">Llegeix m\u00e9s\u00bb<\/a><\/p>\n","protected":false},"author":6,"featured_media":0,"comment_status":"closed","ping_status":"closed","sticky":false,"template":"","format":"standard","meta":{"_bbp_topic_count":0,"_bbp_reply_count":0,"_bbp_total_topic_count":0,"_bbp_total_reply_count":0,"_bbp_voice_count":0,"_bbp_anonymous_reply_count":0,"_bbp_topic_count_hidden":0,"_bbp_reply_count_hidden":0,"_bbp_forum_subforum_count":0,"footnotes":""},"categories":[1,71,29],"tags":[42],"class_list":["post-3253","post","type-post","status-publish","format-standard","hentry","category-general","category-llengues-estrangeres","category-portada","tag-angles"],"post_mailing_queue_ids":[],"_links":{"self":[{"href":"https:\/\/agora.xtec.cat\/iesdelvoltreganes\/wp-json\/wp\/v2\/posts\/3253","targetHints":{"allow":["GET"]}}],"collection":[{"href":"https:\/\/agora.xtec.cat\/iesdelvoltreganes\/wp-json\/wp\/v2\/posts"}],"about":[{"href":"https:\/\/agora.xtec.cat\/iesdelvoltreganes\/wp-json\/wp\/v2\/types\/post"}],"author":[{"embeddable":true,"href":"https:\/\/agora.xtec.cat\/iesdelvoltreganes\/wp-json\/wp\/v2\/users\/6"}],"replies":[{"embeddable":true,"href":"https:\/\/agora.xtec.cat\/iesdelvoltreganes\/wp-json\/wp\/v2\/comments?post=3253"}],"version-history":[{"count":1,"href":"https:\/\/agora.xtec.cat\/iesdelvoltreganes\/wp-json\/wp\/v2\/posts\/3253\/revisions"}],"predecessor-version":[{"id":3255,"href":"https:\/\/agora.xtec.cat\/iesdelvoltreganes\/wp-json\/wp\/v2\/posts\/3253\/revisions\/3255"}],"wp:attachment":[{"href":"https:\/\/agora.xtec.cat\/iesdelvoltreganes\/wp-json\/wp\/v2\/media?parent=3253"}],"wp:term":[{"taxonomy":"category","embeddable":true,"href":"https:\/\/agora.xtec.cat\/iesdelvoltreganes\/wp-json\/wp\/v2\/categories?post=3253"},{"taxonomy":"post_tag","embeddable":true,"href":"https:\/\/agora.xtec.cat\/iesdelvoltreganes\/wp-json\/wp\/v2\/tags?post=3253"}],"curies":[{"name":"wp","href":"https:\/\/api.w.org\/{rel}","templated":true}]}}