{"id":3130,"date":"2018-06-20T10:56:11","date_gmt":"2018-06-20T08:56:11","guid":{"rendered":"http:\/\/agora.xtec.cat\/iesdelvoltreganes\/?p=3130"},"modified":"2018-06-28T13:30:10","modified_gmt":"2018-06-28T11:30:10","slug":"treball-de-sintesi-de-1r-deso","status":"publish","type":"post","link":"https:\/\/agora.xtec.cat\/iesdelvoltreganes\/general\/treball-de-sintesi-de-1r-deso\/","title":{"rendered":"Treball de s\u00edntesi de 1r d&#8217;ESO"},"content":{"rendered":"<p><a href=\"https:\/\/photos.app.goo.gl\/nt8yDLUMe5Q42MMZ6\" target=\"_blank\" rel=\"noopener noreferrer\"><img loading=\"lazy\" decoding=\"async\" class=\"aligncenter wp-image-3136 size-medium\" src=\"http:\/\/agora.xtec.cat\/iesdelvoltreganes\/wp-content\/uploads\/usu618\/2018\/06\/DSC_0822-300x199.jpg\" alt=\"\" width=\"300\" height=\"199\" srcset=\"https:\/\/agora.xtec.cat\/iesdelvoltreganes\/wp-content\/uploads\/usu618\/2018\/06\/DSC_0822-300x199.jpg 300w, https:\/\/agora.xtec.cat\/iesdelvoltreganes\/wp-content\/uploads\/usu618\/2018\/06\/DSC_0822-768x511.jpg 768w, https:\/\/agora.xtec.cat\/iesdelvoltreganes\/wp-content\/uploads\/usu618\/2018\/06\/DSC_0822-1024x681.jpg 1024w, https:\/\/agora.xtec.cat\/iesdelvoltreganes\/wp-content\/uploads\/usu618\/2018\/06\/DSC_0822.jpg 1504w\" sizes=\"auto, (max-width: 300px) 100vw, 300px\" \/><\/a><br \/>\n<span style=\"font-weight: 400;\">Per a aquest curs hem escollit el moviment com a fil conductor del nostre treball de s\u00edntesi. El moviment \u00e9s essencial en les nostres vides: el trobem per tot arreu, tot es mou, tot est\u00e0 en moviment. Moviment \u00e9s ritme, canvi, for\u00e7a, acceleraci\u00f3, rep\u00f2s, velocitat, creixement, impacte, comunicaci\u00f3, pas del temps, llum, so, expressi\u00f3, revolta, evoluci\u00f3, generaci\u00f3&#8230; i un munt de conceptes que farien aquesta llista inacabable. L\u2019objectiu principal, per\u00f2, no ser\u00e0 elaborar un document escrit ni fer una exposici\u00f3 oral on demostrar els coneixements que heu adquirit del tema en q\u00fcesti\u00f3 sin\u00f3 fer una representaci\u00f3 esc\u00e8nica en la que ha de predominar el llenguatge no verbal i de la que es valorar\u00e0 principalment l\u2019originalitat i la creativitat aix\u00ed com la capacitat de transmetre emocions i expressar-les amb el cos.<\/span><\/p>\n<p><a href=\"https:\/\/photos.app.goo.gl\/ECuidejz983GHkebA\" target=\"_blank\" rel=\"noopener noreferrer\">V\u00eddeos de les representacions<\/a><\/p>\n","protected":false},"excerpt":{"rendered":"<p><a href=\"https:\/\/photos.app.goo.gl\/nt8yDLUMe5Q42MMZ6\" target=\"_blank\" rel=\"noopener noreferrer\"><\/a><br \/>\nPer a aquest curs hem escollit el moviment com a fil conductor del nostre treball de s\u00edntesi. El moviment \u00e9s essencial en les nostres vides: el trobem per tot arreu, tot es mou, tot est\u00e0 en moviment. Moviment \u00e9s ritme, canvi,&hellip;  <a href=\"https:\/\/agora.xtec.cat\/iesdelvoltreganes\/general\/treball-de-sintesi-de-1r-deso\/\" title=\"Read Treball de s\u00edntesi de 1r d&#8217;ESO\">Llegeix m\u00e9s\u00bb<\/a><\/p>\n","protected":false},"author":6,"featured_media":0,"comment_status":"open","ping_status":"closed","sticky":false,"template":"","format":"standard","meta":{"_bbp_topic_count":0,"_bbp_reply_count":0,"_bbp_total_topic_count":0,"_bbp_total_reply_count":0,"_bbp_voice_count":0,"_bbp_anonymous_reply_count":0,"_bbp_topic_count_hidden":0,"_bbp_reply_count_hidden":0,"_bbp_forum_subforum_count":0,"footnotes":""},"categories":[4,1,29],"tags":[],"class_list":["post-3130","post","type-post","status-publish","format-standard","hentry","category-eso-1","category-general","category-portada"],"post_mailing_queue_ids":[],"_links":{"self":[{"href":"https:\/\/agora.xtec.cat\/iesdelvoltreganes\/wp-json\/wp\/v2\/posts\/3130","targetHints":{"allow":["GET"]}}],"collection":[{"href":"https:\/\/agora.xtec.cat\/iesdelvoltreganes\/wp-json\/wp\/v2\/posts"}],"about":[{"href":"https:\/\/agora.xtec.cat\/iesdelvoltreganes\/wp-json\/wp\/v2\/types\/post"}],"author":[{"embeddable":true,"href":"https:\/\/agora.xtec.cat\/iesdelvoltreganes\/wp-json\/wp\/v2\/users\/6"}],"replies":[{"embeddable":true,"href":"https:\/\/agora.xtec.cat\/iesdelvoltreganes\/wp-json\/wp\/v2\/comments?post=3130"}],"version-history":[{"count":3,"href":"https:\/\/agora.xtec.cat\/iesdelvoltreganes\/wp-json\/wp\/v2\/posts\/3130\/revisions"}],"predecessor-version":[{"id":3163,"href":"https:\/\/agora.xtec.cat\/iesdelvoltreganes\/wp-json\/wp\/v2\/posts\/3130\/revisions\/3163"}],"wp:attachment":[{"href":"https:\/\/agora.xtec.cat\/iesdelvoltreganes\/wp-json\/wp\/v2\/media?parent=3130"}],"wp:term":[{"taxonomy":"category","embeddable":true,"href":"https:\/\/agora.xtec.cat\/iesdelvoltreganes\/wp-json\/wp\/v2\/categories?post=3130"},{"taxonomy":"post_tag","embeddable":true,"href":"https:\/\/agora.xtec.cat\/iesdelvoltreganes\/wp-json\/wp\/v2\/tags?post=3130"}],"curies":[{"name":"wp","href":"https:\/\/api.w.org\/{rel}","templated":true}]}}