{"id":3123,"date":"2018-06-20T09:39:07","date_gmt":"2018-06-20T07:39:07","guid":{"rendered":"http:\/\/agora.xtec.cat\/iesdelvoltreganes\/?p=3123"},"modified":"2018-06-27T09:58:37","modified_gmt":"2018-06-27T07:58:37","slug":"treball-de-sintesi-de-3r","status":"publish","type":"post","link":"https:\/\/agora.xtec.cat\/iesdelvoltreganes\/general\/treball-de-sintesi-de-3r\/","title":{"rendered":"Treball de s\u00edntesi de 3r"},"content":{"rendered":"<p><a href=\"https:\/\/photos.app.goo.gl\/ERqxAjrqpSyKYuFB6\" target=\"_blank\" rel=\"noopener noreferrer\"><img loading=\"lazy\" decoding=\"async\" class=\"aligncenter wp-image-3125 size-medium\" src=\"http:\/\/agora.xtec.cat\/iesdelvoltreganes\/wp-content\/uploads\/usu618\/2018\/06\/321d3620-9868-4216-9637-1e5d6a5eabe7-300x225.jpg\" alt=\"\" width=\"300\" height=\"225\" srcset=\"https:\/\/agora.xtec.cat\/iesdelvoltreganes\/wp-content\/uploads\/usu618\/2018\/06\/321d3620-9868-4216-9637-1e5d6a5eabe7-300x225.jpg 300w, https:\/\/agora.xtec.cat\/iesdelvoltreganes\/wp-content\/uploads\/usu618\/2018\/06\/321d3620-9868-4216-9637-1e5d6a5eabe7-768x576.jpg 768w, https:\/\/agora.xtec.cat\/iesdelvoltreganes\/wp-content\/uploads\/usu618\/2018\/06\/321d3620-9868-4216-9637-1e5d6a5eabe7-1024x768.jpg 1024w, https:\/\/agora.xtec.cat\/iesdelvoltreganes\/wp-content\/uploads\/usu618\/2018\/06\/321d3620-9868-4216-9637-1e5d6a5eabe7-200x150.jpg 200w, https:\/\/agora.xtec.cat\/iesdelvoltreganes\/wp-content\/uploads\/usu618\/2018\/06\/321d3620-9868-4216-9637-1e5d6a5eabe7.jpg 1600w\" sizes=\"auto, (max-width: 300px) 100vw, 300px\" \/><\/a><br \/>\nEls alumnes de 3r d&#8217;ESO estan elaborant el seu treball de s\u00edntesi. L&#8217;eix vertebrador \u00e9s el voluntariat. Al llarg de la setmana, els alumnes treballant cooperativament en grups, han d&#8217;elaborar una p\u00e0gina web en diferents idiomes. Han d&#8217;incloure les experi\u00e8ncies de voluntaris medioambientals, pedag\u00f2gics i sanitaris, la descripci\u00f3 de les entitats solid\u00e0ries que han visitat al llarg de la setmana a Vic i la seva experi\u00e8ncia personal de servei comunitari. <\/p>\n","protected":false},"excerpt":{"rendered":"<p><a href=\"https:\/\/photos.app.goo.gl\/ERqxAjrqpSyKYuFB6\" target=\"_blank\" rel=\"noopener noreferrer\"><\/a><br \/>\nEls alumnes de 3r d&#8217;ESO estan elaborant el seu treball de s\u00edntesi. L&#8217;eix vertebrador \u00e9s el voluntariat. Al llarg de la setmana, els alumnes treballant cooperativament en grups, han d&#8217;elaborar una p\u00e0gina web en diferents idiomes. Han d&#8217;incloure les experi\u00e8ncies de&hellip;  <a href=\"https:\/\/agora.xtec.cat\/iesdelvoltreganes\/general\/treball-de-sintesi-de-3r\/\" title=\"Read Treball de s\u00edntesi de 3r\">Llegeix m\u00e9s\u00bb<\/a><\/p>\n","protected":false},"author":6,"featured_media":0,"comment_status":"closed","ping_status":"closed","sticky":false,"template":"","format":"standard","meta":{"_bbp_topic_count":0,"_bbp_reply_count":0,"_bbp_total_topic_count":0,"_bbp_total_reply_count":0,"_bbp_voice_count":0,"_bbp_anonymous_reply_count":0,"_bbp_topic_count_hidden":0,"_bbp_reply_count_hidden":0,"_bbp_forum_subforum_count":0,"footnotes":""},"categories":[6,1,29],"tags":[39],"class_list":["post-3123","post","type-post","status-publish","format-standard","hentry","category-eso-3","category-general","category-portada","tag-sortides"],"post_mailing_queue_ids":[],"_links":{"self":[{"href":"https:\/\/agora.xtec.cat\/iesdelvoltreganes\/wp-json\/wp\/v2\/posts\/3123","targetHints":{"allow":["GET"]}}],"collection":[{"href":"https:\/\/agora.xtec.cat\/iesdelvoltreganes\/wp-json\/wp\/v2\/posts"}],"about":[{"href":"https:\/\/agora.xtec.cat\/iesdelvoltreganes\/wp-json\/wp\/v2\/types\/post"}],"author":[{"embeddable":true,"href":"https:\/\/agora.xtec.cat\/iesdelvoltreganes\/wp-json\/wp\/v2\/users\/6"}],"replies":[{"embeddable":true,"href":"https:\/\/agora.xtec.cat\/iesdelvoltreganes\/wp-json\/wp\/v2\/comments?post=3123"}],"version-history":[{"count":2,"href":"https:\/\/agora.xtec.cat\/iesdelvoltreganes\/wp-json\/wp\/v2\/posts\/3123\/revisions"}],"predecessor-version":[{"id":3160,"href":"https:\/\/agora.xtec.cat\/iesdelvoltreganes\/wp-json\/wp\/v2\/posts\/3123\/revisions\/3160"}],"wp:attachment":[{"href":"https:\/\/agora.xtec.cat\/iesdelvoltreganes\/wp-json\/wp\/v2\/media?parent=3123"}],"wp:term":[{"taxonomy":"category","embeddable":true,"href":"https:\/\/agora.xtec.cat\/iesdelvoltreganes\/wp-json\/wp\/v2\/categories?post=3123"},{"taxonomy":"post_tag","embeddable":true,"href":"https:\/\/agora.xtec.cat\/iesdelvoltreganes\/wp-json\/wp\/v2\/tags?post=3123"}],"curies":[{"name":"wp","href":"https:\/\/api.w.org\/{rel}","templated":true}]}}