{"id":3108,"date":"2018-06-18T11:58:33","date_gmt":"2018-06-18T09:58:33","guid":{"rendered":"http:\/\/agora.xtec.cat\/iesdelvoltreganes\/?p=3108"},"modified":"2018-07-05T08:47:33","modified_gmt":"2018-07-05T06:47:33","slug":"pallassos-sense-fronteres","status":"publish","type":"post","link":"https:\/\/agora.xtec.cat\/iesdelvoltreganes\/general\/pallassos-sense-fronteres\/","title":{"rendered":"Tot bufant"},"content":{"rendered":"<p><a href=\"https:\/\/photos.app.goo.gl\/P2fZnALE4Nv1i3G86\" target=\"_blank\" rel=\"noopener noreferrer\"><img loading=\"lazy\" decoding=\"async\" class=\"aligncenter wp-image-3109 size-medium\" src=\"http:\/\/agora.xtec.cat\/iesdelvoltreganes\/wp-content\/uploads\/usu618\/2018\/06\/DSC_0743-300x199.jpg\" alt=\"\" width=\"300\" height=\"199\" srcset=\"https:\/\/agora.xtec.cat\/iesdelvoltreganes\/wp-content\/uploads\/usu618\/2018\/06\/DSC_0743-300x199.jpg 300w, https:\/\/agora.xtec.cat\/iesdelvoltreganes\/wp-content\/uploads\/usu618\/2018\/06\/DSC_0743-768x511.jpg 768w, https:\/\/agora.xtec.cat\/iesdelvoltreganes\/wp-content\/uploads\/usu618\/2018\/06\/DSC_0743-1024x681.jpg 1024w, https:\/\/agora.xtec.cat\/iesdelvoltreganes\/wp-content\/uploads\/usu618\/2018\/06\/DSC_0743.jpg 1504w\" sizes=\"auto, (max-width: 300px) 100vw, 300px\" \/><\/a><br \/>\nEspectacle de Pep Gol i Pep Pascual adre\u00e7at als alumnes de 1r i 3r d&#8217;ESO de l&#8217;Institut del Voltregan\u00e8s. Els dos m\u00fasics col.laboren amb l&#8217;ONG Pallassos sense fronteres i han vingut avui a l&#8217;institut a explicar als alumnes les seves experi\u00e8ncies en voluntariat. L&#8217;espectacle ha estat subvencionat per l&#8217;Ajuntament de Les Masies de Voltreg\u00e0. Nom\u00e9s cal fer una ullada a les fotos per veure la implicaci\u00f3 positiva dels alumnes.<\/p>\n","protected":false},"excerpt":{"rendered":"<p><a href=\"https:\/\/photos.app.goo.gl\/P2fZnALE4Nv1i3G86\" target=\"_blank\" rel=\"noopener noreferrer\"><\/a><br \/>\nEspectacle de Pep Gol i Pep Pascual adre\u00e7at als alumnes de 1r i 3r d&#8217;ESO de l&#8217;Institut del Voltregan\u00e8s. Els dos m\u00fasics col.laboren amb l&#8217;ONG Pallassos sense fronteres i han vingut avui a l&#8217;institut a explicar als alumnes les seves experi\u00e8ncies&hellip;  <a href=\"https:\/\/agora.xtec.cat\/iesdelvoltreganes\/general\/pallassos-sense-fronteres\/\" title=\"Read Tot bufant\">Llegeix m\u00e9s\u00bb<\/a><\/p>\n","protected":false},"author":6,"featured_media":0,"comment_status":"closed","ping_status":"closed","sticky":false,"template":"","format":"standard","meta":{"_bbp_topic_count":0,"_bbp_reply_count":0,"_bbp_total_topic_count":0,"_bbp_total_reply_count":0,"_bbp_voice_count":0,"_bbp_anonymous_reply_count":0,"_bbp_topic_count_hidden":0,"_bbp_reply_count_hidden":0,"_bbp_forum_subforum_count":0,"footnotes":""},"categories":[4,6,1,29],"tags":[93,40],"class_list":["post-3108","post","type-post","status-publish","format-standard","hentry","category-eso-1","category-eso-3","category-general","category-portada","tag-musica","tag-teatre"],"post_mailing_queue_ids":[],"_links":{"self":[{"href":"https:\/\/agora.xtec.cat\/iesdelvoltreganes\/wp-json\/wp\/v2\/posts\/3108","targetHints":{"allow":["GET"]}}],"collection":[{"href":"https:\/\/agora.xtec.cat\/iesdelvoltreganes\/wp-json\/wp\/v2\/posts"}],"about":[{"href":"https:\/\/agora.xtec.cat\/iesdelvoltreganes\/wp-json\/wp\/v2\/types\/post"}],"author":[{"embeddable":true,"href":"https:\/\/agora.xtec.cat\/iesdelvoltreganes\/wp-json\/wp\/v2\/users\/6"}],"replies":[{"embeddable":true,"href":"https:\/\/agora.xtec.cat\/iesdelvoltreganes\/wp-json\/wp\/v2\/comments?post=3108"}],"version-history":[{"count":3,"href":"https:\/\/agora.xtec.cat\/iesdelvoltreganes\/wp-json\/wp\/v2\/posts\/3108\/revisions"}],"predecessor-version":[{"id":3166,"href":"https:\/\/agora.xtec.cat\/iesdelvoltreganes\/wp-json\/wp\/v2\/posts\/3108\/revisions\/3166"}],"wp:attachment":[{"href":"https:\/\/agora.xtec.cat\/iesdelvoltreganes\/wp-json\/wp\/v2\/media?parent=3108"}],"wp:term":[{"taxonomy":"category","embeddable":true,"href":"https:\/\/agora.xtec.cat\/iesdelvoltreganes\/wp-json\/wp\/v2\/categories?post=3108"},{"taxonomy":"post_tag","embeddable":true,"href":"https:\/\/agora.xtec.cat\/iesdelvoltreganes\/wp-json\/wp\/v2\/tags?post=3108"}],"curies":[{"name":"wp","href":"https:\/\/api.w.org\/{rel}","templated":true}]}}