{"id":3090,"date":"2018-06-12T10:09:33","date_gmt":"2018-06-12T08:09:33","guid":{"rendered":"http:\/\/agora.xtec.cat\/iesdelvoltreganes\/?p=3090"},"modified":"2018-06-12T10:11:18","modified_gmt":"2018-06-12T08:11:18","slug":"creacio-i-disseny-denvasos","status":"publish","type":"post","link":"https:\/\/agora.xtec.cat\/iesdelvoltreganes\/general\/creacio-i-disseny-denvasos\/","title":{"rendered":"Creaci\u00f3 i disseny d&#8217;envasos"},"content":{"rendered":"<p>Es tracta d&#8217;un projecte on el fil conductor \u00e9s la creaci\u00f3 d&#8217;un producte alimentari nou que ha de ser etiquetat i envasat seguint la normativa. Les condicions que ha de complir l&#8217;env\u00e0s s\u00f3n b\u00e0sicament que sigui original, que es pugui obrir i tancar amb facilitat i que sigui f\u00e0cil apilable per al seu posterior emmagatzematge. El material l&#8217;escull cada alumne sabent quines eines hi ha al taller de tecnologia.<br \/>\nEl projecte tamb\u00e9 inclou l&#8217;elaboraci\u00f3 de l&#8217;etiqueta. Per fer-ho, pr\u00e8viament analitzem diferents etiquetes de productes alimentaris, llegim la normativa i treballem la dentificaci\u00f3 i interpretaci\u00f3 dels codi de barres del producte.<br \/>\nAqu\u00ed teniu les creacions dels i les alumnes de 2n ESO d&#8217;enguany!<br \/>\n<a href=\"https:\/\/photos.app.goo.gl\/CaxUgSvB4s4wAhq46\" target=\"_blank\" rel=\"noopener noreferrer\"><img loading=\"lazy\" decoding=\"async\" class=\"wp-image-3091 size-medium aligncenter\" src=\"http:\/\/agora.xtec.cat\/iesdelvoltreganes\/wp-content\/uploads\/usu618\/2018\/06\/IMG_3280-1-300x225.jpg\" alt=\"\" width=\"300\" height=\"225\" srcset=\"https:\/\/agora.xtec.cat\/iesdelvoltreganes\/wp-content\/uploads\/usu618\/2018\/06\/IMG_3280-1-300x225.jpg 300w, https:\/\/agora.xtec.cat\/iesdelvoltreganes\/wp-content\/uploads\/usu618\/2018\/06\/IMG_3280-1-768x576.jpg 768w, https:\/\/agora.xtec.cat\/iesdelvoltreganes\/wp-content\/uploads\/usu618\/2018\/06\/IMG_3280-1-1024x768.jpg 1024w, https:\/\/agora.xtec.cat\/iesdelvoltreganes\/wp-content\/uploads\/usu618\/2018\/06\/IMG_3280-1-200x150.jpg 200w, https:\/\/agora.xtec.cat\/iesdelvoltreganes\/wp-content\/uploads\/usu618\/2018\/06\/IMG_3280-1.jpg 1632w\" sizes=\"auto, (max-width: 300px) 100vw, 300px\" \/><\/a><\/p>\n","protected":false},"excerpt":{"rendered":"<p>Es tracta d&#8217;un projecte on el fil conductor \u00e9s la creaci\u00f3 d&#8217;un producte alimentari nou que ha de ser etiquetat i envasat seguint la normativa. Les condicions que ha de complir l&#8217;env\u00e0s s\u00f3n b\u00e0sicament que sigui original, que es pugui obrir i tancar amb facilitat&hellip;  <a href=\"https:\/\/agora.xtec.cat\/iesdelvoltreganes\/general\/creacio-i-disseny-denvasos\/\" title=\"Read Creaci\u00f3 i disseny d&#8217;envasos\">Llegeix m\u00e9s\u00bb<\/a><\/p>\n","protected":false},"author":6,"featured_media":0,"comment_status":"closed","ping_status":"closed","sticky":false,"template":"","format":"standard","meta":{"_bbp_topic_count":0,"_bbp_reply_count":0,"_bbp_total_topic_count":0,"_bbp_total_reply_count":0,"_bbp_voice_count":0,"_bbp_anonymous_reply_count":0,"_bbp_topic_count_hidden":0,"_bbp_reply_count_hidden":0,"_bbp_forum_subforum_count":0,"footnotes":""},"categories":[5,1,64],"tags":[],"class_list":["post-3090","post","type-post","status-publish","format-standard","hentry","category-eso-2","category-general","category-tecnologia"],"post_mailing_queue_ids":[],"_links":{"self":[{"href":"https:\/\/agora.xtec.cat\/iesdelvoltreganes\/wp-json\/wp\/v2\/posts\/3090","targetHints":{"allow":["GET"]}}],"collection":[{"href":"https:\/\/agora.xtec.cat\/iesdelvoltreganes\/wp-json\/wp\/v2\/posts"}],"about":[{"href":"https:\/\/agora.xtec.cat\/iesdelvoltreganes\/wp-json\/wp\/v2\/types\/post"}],"author":[{"embeddable":true,"href":"https:\/\/agora.xtec.cat\/iesdelvoltreganes\/wp-json\/wp\/v2\/users\/6"}],"replies":[{"embeddable":true,"href":"https:\/\/agora.xtec.cat\/iesdelvoltreganes\/wp-json\/wp\/v2\/comments?post=3090"}],"version-history":[{"count":1,"href":"https:\/\/agora.xtec.cat\/iesdelvoltreganes\/wp-json\/wp\/v2\/posts\/3090\/revisions"}],"predecessor-version":[{"id":3092,"href":"https:\/\/agora.xtec.cat\/iesdelvoltreganes\/wp-json\/wp\/v2\/posts\/3090\/revisions\/3092"}],"wp:attachment":[{"href":"https:\/\/agora.xtec.cat\/iesdelvoltreganes\/wp-json\/wp\/v2\/media?parent=3090"}],"wp:term":[{"taxonomy":"category","embeddable":true,"href":"https:\/\/agora.xtec.cat\/iesdelvoltreganes\/wp-json\/wp\/v2\/categories?post=3090"},{"taxonomy":"post_tag","embeddable":true,"href":"https:\/\/agora.xtec.cat\/iesdelvoltreganes\/wp-json\/wp\/v2\/tags?post=3090"}],"curies":[{"name":"wp","href":"https:\/\/api.w.org\/{rel}","templated":true}]}}