{"id":3078,"date":"2018-06-07T18:50:33","date_gmt":"2018-06-07T16:50:33","guid":{"rendered":"http:\/\/agora.xtec.cat\/iesdelvoltreganes\/?p=3078"},"modified":"2019-04-12T13:16:57","modified_gmt":"2019-04-12T11:16:57","slug":"argelagues","status":"publish","type":"post","link":"https:\/\/agora.xtec.cat\/iesdelvoltreganes\/llibres-recomanats\/argelagues\/","title":{"rendered":"<em>Argelagues<\/em>"},"content":{"rendered":"<p>Gemma Ruiz<br \/>\n<em>Argelagues<\/em><br \/>\nProa<br \/>\n<a href=\"http:\/\/agora.xtec.cat\/iesdelvoltreganes\/wp-content\/uploads\/usu618\/2018\/06\/portada_argelagues_gemma-ruiz_201606141311.jpg\"><img loading=\"lazy\" decoding=\"async\" class=\"alignnone wp-image-3079 size-full\" src=\"http:\/\/agora.xtec.cat\/iesdelvoltreganes\/wp-content\/uploads\/usu618\/2018\/06\/portada_argelagues_gemma-ruiz_201606141311.jpg\" alt=\"\" width=\"252\" height=\"387\" srcset=\"https:\/\/agora.xtec.cat\/iesdelvoltreganes\/wp-content\/uploads\/usu618\/2018\/06\/portada_argelagues_gemma-ruiz_201606141311.jpg 252w, https:\/\/agora.xtec.cat\/iesdelvoltreganes\/wp-content\/uploads\/usu618\/2018\/06\/portada_argelagues_gemma-ruiz_201606141311-195x300.jpg 195w\" sizes=\"auto, (max-width: 252px) 100vw, 252px\" \/><\/a><\/p>\n<div class=\"sinopsi-intro\">&#8220;Sinopsi d&#8217;<em>Argelagues<\/em>:<\/div>\n<p>La periodista Gemma explica la vida de tres dones de diverses generacions al llarg del segle XX, entre\u00a0Castellter\u00e7ol i Sabadell, del Vall\u00e8s rural al Vall\u00e8s urb\u00e0. L\u2019esfor\u00e7 per adaptar-se als efectes de la revoluci\u00f3\u00a0del t\u00e8xtil, el pas de la vida a pag\u00e8s a la vida als afores d\u2019una ciutat en proc\u00e9s d\u2019industrialitzaci\u00f3, i\u00a0sobretot els canvis que es produeixen en la vida di\u00e0ria familiar. Els fets i les veus reivindiquen, per si\u00a0mateixos, el paper de la dona en l\u2019evoluci\u00f3 de la societat catalana del segle XX. <em>Argelagues<\/em> \u00e9s un relat\u00a0\u00e8pic i emotiu sobre aquestes dones i tamb\u00e9 un homenatge que estava pendent.&#8221;<br \/>\n(Tret de l&#8217;editorial Grup62.cat)<\/p>\n<p>Llegint aquest llibre he enyorat la meva \u00e0via i cal Petit el mas on vaig passar la meva inf\u00e0ncia. Els \u00e0pats que f\u00e8iem, les visites de la fam\u00edlia i sobretot la manera d&#8217;enraonar. Tamb\u00e9 m&#8217;he enyorat molt\u00edssim de la meva mare, que era modista i havia treballat en una f\u00e0brica t\u00e8xtil, com les protagonistes d&#8217;aquest llibre.<br \/>\nEmpar Barcons<\/p>\n","protected":false},"excerpt":{"rendered":"<p>Gemma Ruiz<br \/>\nArgelagues<br \/>\nProa<br \/>\n<a href=\"http:\/\/agora.xtec.cat\/iesdelvoltreganes\/wp-content\/uploads\/usu618\/2018\/06\/portada_argelagues_gemma-ruiz_201606141311.jpg\"><\/a><br \/>\n&#8220;Sinopsi d&#8217;Argelagues:<br \/>\nLa periodista Gemma explica la vida de tres dones de diverses generacions al llarg del segle XX, entre\u00a0Castellter\u00e7ol i Sabadell, del Vall\u00e8s rural al Vall\u00e8s urb\u00e0. L\u2019esfor\u00e7 per adaptar-se als efectes de la revoluci\u00f3\u00a0del t\u00e8xtil, el pas de la vida a pag\u00e8s&hellip;  <a href=\"https:\/\/agora.xtec.cat\/iesdelvoltreganes\/llibres-recomanats\/argelagues\/\" title=\"Read <em>Argelagues<\/em>&#8220;>Llegeix m\u00e9s\u00bb<\/a><\/p>\n","protected":false},"author":6,"featured_media":0,"comment_status":"closed","ping_status":"closed","sticky":false,"template":"","format":"standard","meta":{"_bbp_topic_count":0,"_bbp_reply_count":0,"_bbp_total_topic_count":0,"_bbp_total_reply_count":0,"_bbp_voice_count":0,"_bbp_anonymous_reply_count":0,"_bbp_topic_count_hidden":0,"_bbp_reply_count_hidden":0,"_bbp_forum_subforum_count":0,"footnotes":""},"categories":[81],"tags":[82],"class_list":["post-3078","post","type-post","status-publish","format-standard","hentry","category-llibres-recomanats","tag-llibres"],"post_mailing_queue_ids":[],"_links":{"self":[{"href":"https:\/\/agora.xtec.cat\/iesdelvoltreganes\/wp-json\/wp\/v2\/posts\/3078","targetHints":{"allow":["GET"]}}],"collection":[{"href":"https:\/\/agora.xtec.cat\/iesdelvoltreganes\/wp-json\/wp\/v2\/posts"}],"about":[{"href":"https:\/\/agora.xtec.cat\/iesdelvoltreganes\/wp-json\/wp\/v2\/types\/post"}],"author":[{"embeddable":true,"href":"https:\/\/agora.xtec.cat\/iesdelvoltreganes\/wp-json\/wp\/v2\/users\/6"}],"replies":[{"embeddable":true,"href":"https:\/\/agora.xtec.cat\/iesdelvoltreganes\/wp-json\/wp\/v2\/comments?post=3078"}],"version-history":[{"count":3,"href":"https:\/\/agora.xtec.cat\/iesdelvoltreganes\/wp-json\/wp\/v2\/posts\/3078\/revisions"}],"predecessor-version":[{"id":3790,"href":"https:\/\/agora.xtec.cat\/iesdelvoltreganes\/wp-json\/wp\/v2\/posts\/3078\/revisions\/3790"}],"wp:attachment":[{"href":"https:\/\/agora.xtec.cat\/iesdelvoltreganes\/wp-json\/wp\/v2\/media?parent=3078"}],"wp:term":[{"taxonomy":"category","embeddable":true,"href":"https:\/\/agora.xtec.cat\/iesdelvoltreganes\/wp-json\/wp\/v2\/categories?post=3078"},{"taxonomy":"post_tag","embeddable":true,"href":"https:\/\/agora.xtec.cat\/iesdelvoltreganes\/wp-json\/wp\/v2\/tags?post=3078"}],"curies":[{"name":"wp","href":"https:\/\/api.w.org\/{rel}","templated":true}]}}