{"id":3054,"date":"2018-05-30T12:38:15","date_gmt":"2018-05-30T10:38:15","guid":{"rendered":"http:\/\/agora.xtec.cat\/iesdelvoltreganes\/?p=3054"},"modified":"2018-05-30T12:38:15","modified_gmt":"2018-05-30T10:38:15","slug":"sortida-deducacio-i-sensibilitzacio-ambiental-dels-agents-rurals-dosona","status":"publish","type":"post","link":"https:\/\/agora.xtec.cat\/iesdelvoltreganes\/general\/sortida-deducacio-i-sensibilitzacio-ambiental-dels-agents-rurals-dosona\/","title":{"rendered":"Sortida d&#8217;educaci\u00f3 i sensibilitzaci\u00f3 ambiental dels agents rurals d&#8217;Osona"},"content":{"rendered":"<p>Els alumnes de les optatives de ci\u00e8ncies de segon i tercer d\u2019ESO vam fer una sortida amb els agents rurals d\u2019Osona per Vic i el seu entorn.<br \/>\nGr\u00e0cies a ells vam descobrir la fauna que viu en el centre hist\u00f2ric de Vic i els seus voltants, que \u00e9s molta, per\u00f2 alhora molt desconeguda (rapinyaires, falciots i orenetes, genetes, etc.). Tamb\u00e9 vam aprendre qu\u00e8 hem de fer si trobem un animal petit perdut o ferit, com prevenir incendis, i respectar el medi ambient en general. Finalment vam poder alliberar un parell de perdius al seu medi.<br \/>\n<a href=\"https:\/\/photos.app.goo.gl\/THxt66YVWHsxMHus1\" target=\"_blank\" rel=\"noopener noreferrer\"><img loading=\"lazy\" decoding=\"async\" class=\"aligncenter wp-image-3055 size-medium\" src=\"http:\/\/agora.xtec.cat\/iesdelvoltreganes\/wp-content\/uploads\/usu618\/2018\/05\/bo-1-300x225.jpg\" alt=\"\" width=\"300\" height=\"225\" srcset=\"https:\/\/agora.xtec.cat\/iesdelvoltreganes\/wp-content\/uploads\/usu618\/2018\/05\/bo-1-300x225.jpg 300w, https:\/\/agora.xtec.cat\/iesdelvoltreganes\/wp-content\/uploads\/usu618\/2018\/05\/bo-1-768x576.jpg 768w, https:\/\/agora.xtec.cat\/iesdelvoltreganes\/wp-content\/uploads\/usu618\/2018\/05\/bo-1-1024x768.jpg 1024w, https:\/\/agora.xtec.cat\/iesdelvoltreganes\/wp-content\/uploads\/usu618\/2018\/05\/bo-1-200x150.jpg 200w, https:\/\/agora.xtec.cat\/iesdelvoltreganes\/wp-content\/uploads\/usu618\/2018\/05\/bo-1.jpg 1040w\" sizes=\"auto, (max-width: 300px) 100vw, 300px\" \/><\/a><\/p>\n","protected":false},"excerpt":{"rendered":"<p>Els alumnes de les optatives de ci\u00e8ncies de segon i tercer d\u2019ESO vam fer una sortida amb els agents rurals d\u2019Osona per Vic i el seu entorn.<br \/>\nGr\u00e0cies a ells vam descobrir la fauna que viu en el centre hist\u00f2ric de Vic i els seus voltants,&hellip;  <a href=\"https:\/\/agora.xtec.cat\/iesdelvoltreganes\/general\/sortida-deducacio-i-sensibilitzacio-ambiental-dels-agents-rurals-dosona\/\" title=\"Read Sortida d&#8217;educaci\u00f3 i sensibilitzaci\u00f3 ambiental dels agents rurals d&#8217;Osona\">Llegeix m\u00e9s\u00bb<\/a><\/p>\n","protected":false},"author":6,"featured_media":0,"comment_status":"closed","ping_status":"closed","sticky":false,"template":"","format":"standard","meta":{"_bbp_topic_count":0,"_bbp_reply_count":0,"_bbp_total_topic_count":0,"_bbp_total_reply_count":0,"_bbp_voice_count":0,"_bbp_anonymous_reply_count":0,"_bbp_topic_count_hidden":0,"_bbp_reply_count_hidden":0,"_bbp_forum_subforum_count":0,"footnotes":""},"categories":[65,5,6,1,29],"tags":[39],"class_list":["post-3054","post","type-post","status-publish","format-standard","hentry","category-ciencies-experimentals","category-eso-2","category-eso-3","category-general","category-portada","tag-sortides"],"post_mailing_queue_ids":[],"_links":{"self":[{"href":"https:\/\/agora.xtec.cat\/iesdelvoltreganes\/wp-json\/wp\/v2\/posts\/3054","targetHints":{"allow":["GET"]}}],"collection":[{"href":"https:\/\/agora.xtec.cat\/iesdelvoltreganes\/wp-json\/wp\/v2\/posts"}],"about":[{"href":"https:\/\/agora.xtec.cat\/iesdelvoltreganes\/wp-json\/wp\/v2\/types\/post"}],"author":[{"embeddable":true,"href":"https:\/\/agora.xtec.cat\/iesdelvoltreganes\/wp-json\/wp\/v2\/users\/6"}],"replies":[{"embeddable":true,"href":"https:\/\/agora.xtec.cat\/iesdelvoltreganes\/wp-json\/wp\/v2\/comments?post=3054"}],"version-history":[{"count":1,"href":"https:\/\/agora.xtec.cat\/iesdelvoltreganes\/wp-json\/wp\/v2\/posts\/3054\/revisions"}],"predecessor-version":[{"id":3056,"href":"https:\/\/agora.xtec.cat\/iesdelvoltreganes\/wp-json\/wp\/v2\/posts\/3054\/revisions\/3056"}],"wp:attachment":[{"href":"https:\/\/agora.xtec.cat\/iesdelvoltreganes\/wp-json\/wp\/v2\/media?parent=3054"}],"wp:term":[{"taxonomy":"category","embeddable":true,"href":"https:\/\/agora.xtec.cat\/iesdelvoltreganes\/wp-json\/wp\/v2\/categories?post=3054"},{"taxonomy":"post_tag","embeddable":true,"href":"https:\/\/agora.xtec.cat\/iesdelvoltreganes\/wp-json\/wp\/v2\/tags?post=3054"}],"curies":[{"name":"wp","href":"https:\/\/api.w.org\/{rel}","templated":true}]}}