{"id":3047,"date":"2018-05-24T12:26:49","date_gmt":"2018-05-24T10:26:49","guid":{"rendered":"http:\/\/agora.xtec.cat\/iesdelvoltreganes\/?p=3047"},"modified":"2018-05-24T12:57:59","modified_gmt":"2018-05-24T10:57:59","slug":"sortida-al-circuit-de-montmelo","status":"publish","type":"post","link":"https:\/\/agora.xtec.cat\/iesdelvoltreganes\/general\/sortida-al-circuit-de-montmelo\/","title":{"rendered":"Sortida al circuit de Montmel\u00f3"},"content":{"rendered":"<p>Els alumnes de 3r d&#8217;ESO dins de l&#8217;\u00e0rea de tecnologia han visitat el Circuit de Catalunya a Montmel\u00f3. La visita ha consistit en fer un recorregut per totes les instal\u00b7lacions, la sala Br\u00edfing, la sala de premsa, la direcci\u00f3 de cursa, els boxes i el p\u00e0doc, el prepodi, i no podia faltar, el podi.<br \/>\nDespr\u00e9s han pogut gaudir d&#8217;un fant\u00e0stic especacle motociclista de primer nivell, els entrenaments i els tests dels pilots de motoGP. Hem vist, Marc Marquez, els Espergar\u00f3, Dani Pedrosa, &#8230;<br \/>\n\u200bL\u2019objectiu de la sortida ha estat que els alumnes adquireixin una visi\u00f3 global de tot el que envolta un esdeveniment esportiu relacionat amb el motor, i valorar les implicacions que tenen els aven\u00e7os tecnol\u00f2gics en el dia a dia. \u200b<br \/>\n<a href=\"https:\/\/photos.app.goo.gl\/z0JfN0oizAwItMH43\" target=\"_blank\" rel=\"noopener noreferrer\"><img loading=\"lazy\" decoding=\"async\" class=\"aligncenter wp-image-3049 size-medium\" src=\"http:\/\/agora.xtec.cat\/iesdelvoltreganes\/wp-content\/uploads\/usu618\/2018\/05\/IMG_31131-300x225.jpg\" alt=\"\" width=\"300\" height=\"225\" srcset=\"https:\/\/agora.xtec.cat\/iesdelvoltreganes\/wp-content\/uploads\/usu618\/2018\/05\/IMG_31131-300x225.jpg 300w, https:\/\/agora.xtec.cat\/iesdelvoltreganes\/wp-content\/uploads\/usu618\/2018\/05\/IMG_31131-768x576.jpg 768w, https:\/\/agora.xtec.cat\/iesdelvoltreganes\/wp-content\/uploads\/usu618\/2018\/05\/IMG_31131-1024x768.jpg 1024w, https:\/\/agora.xtec.cat\/iesdelvoltreganes\/wp-content\/uploads\/usu618\/2018\/05\/IMG_31131-200x150.jpg 200w\" sizes=\"auto, (max-width: 300px) 100vw, 300px\" \/><\/a><\/p>\n","protected":false},"excerpt":{"rendered":"<p>Els alumnes de 3r d&#8217;ESO dins de l&#8217;\u00e0rea de tecnologia han visitat el Circuit de Catalunya a Montmel\u00f3. La visita ha consistit en fer un recorregut per totes les instal\u00b7lacions, la sala Br\u00edfing, la sala de premsa, la direcci\u00f3 de cursa, els boxes i el&hellip;  <a href=\"https:\/\/agora.xtec.cat\/iesdelvoltreganes\/general\/sortida-al-circuit-de-montmelo\/\" title=\"Read Sortida al circuit de Montmel\u00f3\">Llegeix m\u00e9s\u00bb<\/a><\/p>\n","protected":false},"author":6,"featured_media":0,"comment_status":"closed","ping_status":"closed","sticky":false,"template":"","format":"standard","meta":{"_bbp_topic_count":0,"_bbp_reply_count":0,"_bbp_total_topic_count":0,"_bbp_total_reply_count":0,"_bbp_voice_count":0,"_bbp_anonymous_reply_count":0,"_bbp_topic_count_hidden":0,"_bbp_reply_count_hidden":0,"_bbp_forum_subforum_count":0,"footnotes":""},"categories":[6,1,29,64],"tags":[39],"class_list":["post-3047","post","type-post","status-publish","format-standard","hentry","category-eso-3","category-general","category-portada","category-tecnologia","tag-sortides"],"post_mailing_queue_ids":[],"_links":{"self":[{"href":"https:\/\/agora.xtec.cat\/iesdelvoltreganes\/wp-json\/wp\/v2\/posts\/3047","targetHints":{"allow":["GET"]}}],"collection":[{"href":"https:\/\/agora.xtec.cat\/iesdelvoltreganes\/wp-json\/wp\/v2\/posts"}],"about":[{"href":"https:\/\/agora.xtec.cat\/iesdelvoltreganes\/wp-json\/wp\/v2\/types\/post"}],"author":[{"embeddable":true,"href":"https:\/\/agora.xtec.cat\/iesdelvoltreganes\/wp-json\/wp\/v2\/users\/6"}],"replies":[{"embeddable":true,"href":"https:\/\/agora.xtec.cat\/iesdelvoltreganes\/wp-json\/wp\/v2\/comments?post=3047"}],"version-history":[{"count":2,"href":"https:\/\/agora.xtec.cat\/iesdelvoltreganes\/wp-json\/wp\/v2\/posts\/3047\/revisions"}],"predecessor-version":[{"id":3050,"href":"https:\/\/agora.xtec.cat\/iesdelvoltreganes\/wp-json\/wp\/v2\/posts\/3047\/revisions\/3050"}],"wp:attachment":[{"href":"https:\/\/agora.xtec.cat\/iesdelvoltreganes\/wp-json\/wp\/v2\/media?parent=3047"}],"wp:term":[{"taxonomy":"category","embeddable":true,"href":"https:\/\/agora.xtec.cat\/iesdelvoltreganes\/wp-json\/wp\/v2\/categories?post=3047"},{"taxonomy":"post_tag","embeddable":true,"href":"https:\/\/agora.xtec.cat\/iesdelvoltreganes\/wp-json\/wp\/v2\/tags?post=3047"}],"curies":[{"name":"wp","href":"https:\/\/api.w.org\/{rel}","templated":true}]}}