{"id":3043,"date":"2018-05-17T12:56:02","date_gmt":"2018-05-17T10:56:02","guid":{"rendered":"http:\/\/agora.xtec.cat\/iesdelvoltreganes\/?p=3043"},"modified":"2018-05-17T12:56:02","modified_gmt":"2018-05-17T10:56:02","slug":"itinerari-geologic-i-ambiental-pel-voltreganes","status":"publish","type":"post","link":"https:\/\/agora.xtec.cat\/iesdelvoltreganes\/general\/itinerari-geologic-i-ambiental-pel-voltreganes\/","title":{"rendered":"Itinerari geol\u00f2gic i ambiental pel Voltregan\u00e8s"},"content":{"rendered":"<p>Coneixeu els f\u00f2ssils de Catalunya? Sabeu que teniu un banc de coralls f\u00f2ssil ben a prop de casa? Com es van formar els turons testimonis de la Plana de Vic? Podem tenir despreniments o inundacions al nostre poble?<br \/>\nLa resposta a aquestes i a altres preguntes les v\u00e0rem investigar a l\u2019\u00faltima sortida de l\u2019assignatura de Ci\u00e8ncies de la Terra i el Medi Ambient, d\u2019una manera pr\u00e0ctica i did\u00e0ctica, de la m\u00e0 d\u2019un ge\u00f2leg expert de la Universitat Aut\u00f2noma de Barcelona.<br \/>\n<a href=\"https:\/\/photos.app.goo.gl\/6Fw6hQvhE1nv5uJu2\" target=\"_blank\" rel=\"noopener noreferrer\"><img loading=\"lazy\" decoding=\"async\" class=\"aligncenter wp-image-3044 size-medium\" src=\"http:\/\/agora.xtec.cat\/iesdelvoltreganes\/wp-content\/uploads\/usu618\/2018\/05\/bo-300x225.jpg\" alt=\"\" width=\"300\" height=\"225\" srcset=\"https:\/\/agora.xtec.cat\/iesdelvoltreganes\/wp-content\/uploads\/usu618\/2018\/05\/bo-300x225.jpg 300w, https:\/\/agora.xtec.cat\/iesdelvoltreganes\/wp-content\/uploads\/usu618\/2018\/05\/bo-768x576.jpg 768w, https:\/\/agora.xtec.cat\/iesdelvoltreganes\/wp-content\/uploads\/usu618\/2018\/05\/bo-1024x768.jpg 1024w, https:\/\/agora.xtec.cat\/iesdelvoltreganes\/wp-content\/uploads\/usu618\/2018\/05\/bo-200x150.jpg 200w, https:\/\/agora.xtec.cat\/iesdelvoltreganes\/wp-content\/uploads\/usu618\/2018\/05\/bo.jpg 1040w\" sizes=\"auto, (max-width: 300px) 100vw, 300px\" \/><\/a><\/p>\n","protected":false},"excerpt":{"rendered":"<p>Coneixeu els f\u00f2ssils de Catalunya? Sabeu que teniu un banc de coralls f\u00f2ssil ben a prop de casa? Com es van formar els turons testimonis de la Plana de Vic? Podem tenir despreniments o inundacions al nostre poble?<br \/>\nLa resposta a aquestes i a altres preguntes&hellip;  <a href=\"https:\/\/agora.xtec.cat\/iesdelvoltreganes\/general\/itinerari-geologic-i-ambiental-pel-voltreganes\/\" title=\"Read Itinerari geol\u00f2gic i ambiental pel Voltregan\u00e8s\">Llegeix m\u00e9s\u00bb<\/a><\/p>\n","protected":false},"author":6,"featured_media":0,"comment_status":"open","ping_status":"closed","sticky":false,"template":"","format":"standard","meta":{"_bbp_topic_count":0,"_bbp_reply_count":0,"_bbp_total_topic_count":0,"_bbp_total_reply_count":0,"_bbp_voice_count":0,"_bbp_anonymous_reply_count":0,"_bbp_topic_count_hidden":0,"_bbp_reply_count_hidden":0,"_bbp_forum_subforum_count":0,"footnotes":""},"categories":[8,65,1,29],"tags":[39],"class_list":["post-3043","post","type-post","status-publish","format-standard","hentry","category-batxillerat","category-ciencies-experimentals","category-general","category-portada","tag-sortides"],"post_mailing_queue_ids":[],"_links":{"self":[{"href":"https:\/\/agora.xtec.cat\/iesdelvoltreganes\/wp-json\/wp\/v2\/posts\/3043","targetHints":{"allow":["GET"]}}],"collection":[{"href":"https:\/\/agora.xtec.cat\/iesdelvoltreganes\/wp-json\/wp\/v2\/posts"}],"about":[{"href":"https:\/\/agora.xtec.cat\/iesdelvoltreganes\/wp-json\/wp\/v2\/types\/post"}],"author":[{"embeddable":true,"href":"https:\/\/agora.xtec.cat\/iesdelvoltreganes\/wp-json\/wp\/v2\/users\/6"}],"replies":[{"embeddable":true,"href":"https:\/\/agora.xtec.cat\/iesdelvoltreganes\/wp-json\/wp\/v2\/comments?post=3043"}],"version-history":[{"count":1,"href":"https:\/\/agora.xtec.cat\/iesdelvoltreganes\/wp-json\/wp\/v2\/posts\/3043\/revisions"}],"predecessor-version":[{"id":3045,"href":"https:\/\/agora.xtec.cat\/iesdelvoltreganes\/wp-json\/wp\/v2\/posts\/3043\/revisions\/3045"}],"wp:attachment":[{"href":"https:\/\/agora.xtec.cat\/iesdelvoltreganes\/wp-json\/wp\/v2\/media?parent=3043"}],"wp:term":[{"taxonomy":"category","embeddable":true,"href":"https:\/\/agora.xtec.cat\/iesdelvoltreganes\/wp-json\/wp\/v2\/categories?post=3043"},{"taxonomy":"post_tag","embeddable":true,"href":"https:\/\/agora.xtec.cat\/iesdelvoltreganes\/wp-json\/wp\/v2\/tags?post=3043"}],"curies":[{"name":"wp","href":"https:\/\/api.w.org\/{rel}","templated":true}]}}