{"id":3031,"date":"2018-12-09T09:44:37","date_gmt":"2018-12-09T08:44:37","guid":{"rendered":"http:\/\/agora.xtec.cat\/iesdelvoltreganes\/?p=3031"},"modified":"2019-04-12T13:16:21","modified_gmt":"2019-04-12T11:16:21","slug":"el-conte-de-la-serventa","status":"publish","type":"post","link":"https:\/\/agora.xtec.cat\/iesdelvoltreganes\/general\/el-conte-de-la-serventa\/","title":{"rendered":"<em>El conte de la serventa<\/em>"},"content":{"rendered":"<p>Margaret Atwood<br \/>\n<em>El conte de la serventa<\/em><br \/>\nQuaderns Crema<br \/>\n<a href=\"https:\/\/www.nuvol.com\/critica\/multipliqueu-vos-i-ompliu-la-terra\/\" target=\"_blank\" rel=\"noopener noreferrer\"><br \/>\n<\/a><a href=\"https:\/\/www.nuvol.com\/critica\/multipliqueu-vos-i-ompliu-la-terra\/\" target=\"_blank\" rel=\"noopener noreferrer\"><img loading=\"lazy\" decoding=\"async\" class=\"wp-image-3032 size-medium alignleft\" src=\"https:\/\/agora.xtec.cat\/iesdelvoltreganes\/wp-content\/uploads\/usu618\/2018\/05\/el-conte-de-la-serventa-190x300.jpg\" alt=\"\" width=\"190\" height=\"300\" srcset=\"https:\/\/agora.xtec.cat\/iesdelvoltreganes\/wp-content\/uploads\/usu618\/2018\/05\/el-conte-de-la-serventa-190x300.jpg 190w, https:\/\/agora.xtec.cat\/iesdelvoltreganes\/wp-content\/uploads\/usu618\/2018\/05\/el-conte-de-la-serventa-768x1211.jpg 768w, https:\/\/agora.xtec.cat\/iesdelvoltreganes\/wp-content\/uploads\/usu618\/2018\/05\/el-conte-de-la-serventa-649x1024.jpg 649w, https:\/\/agora.xtec.cat\/iesdelvoltreganes\/wp-content\/uploads\/usu618\/2018\/05\/el-conte-de-la-serventa.jpg 1573w\" sizes=\"auto, (max-width: 190px) 100vw, 190px\" \/><\/a><em>El conte de la serventa<\/em> \u00e9s una novel\u00b7la escrita l&#8217;any 1985 sobre una societat tir\u00e0nica que recorda moltes coses d&#8217;avui dia:<\/p>\n<p>&#8220;M\u2019imagino que \u00e9s aix\u00ed com van poder-ho fer tal com ho van fer, de cop, sense que ning\u00fa en sab\u00e9s res amb antelaci\u00f3 [&#8230;].<br \/>\nVa passar despr\u00e9s del daltabaix, quan van matar a trets el president, van metrallar el Congr\u00e9s i l\u2019ex\u00e8rcit va declarar l\u2019estat d\u2019excepci\u00f3. En aquell moment ho van atribuir als radicals isl\u00e0mics. \u00abQue tothom mantingui la calma\u00bb, deien per televisi\u00f3. \u00abLa situaci\u00f3 est\u00e0 dominada.\u00bb Jo estava atordida. Ho estava tothom, n\u2019estic conven\u00e7uda. Semblava impossible de creure: el govern en ple havia desaparegut de cop. \u00bfCom havien pogut ocupar el poder? \u00bfQu\u00e8 havia passat? Llavors va ser quan van suspendre la Constituci\u00f3. Van dir que seria temporal. No hi havia hagut ni aldarulls al carrer. Al vespre la gent es quedava a casa mirant la televisi\u00f3, esperant orientaci\u00f3. No hi havia ni tan sols un enemic a qui assenyalar.&#8221;<\/p>\n<p>No he vist la s\u00e8rie, o sigui que no puc fer-ne comparacions. El que m\u00e9s m&#8217;interessa de la novel\u00b7la \u00e9s el retrat de la submissi\u00f3 de la dona des del punt de vista de la dona mateix per tal de denunciar el fenomen, i l&#8217;enteresa de la v\u00edctima tot i la impot\u00e8ncia davant del sistema. Tamb\u00e9 la sensibilitat de la protagonista. I, pel que fa a l&#8217;estil de l&#8217;Atwood, la gran compet\u00e8ncia que t\u00e9 per retratar tant la brutalitat de la distopia com la humanitat de les v\u00edctimes.<\/p>\n<p>Empar Barcons<\/p>\n","protected":false},"excerpt":{"rendered":"<p>Margaret Atwood<br \/>\nEl conte de la serventa<br \/>\nQuaderns Crema<br \/>\n<a href=\"https:\/\/www.nuvol.com\/critica\/multipliqueu-vos-i-ompliu-la-terra\/\" target=\"_blank\" rel=\"noopener noreferrer\"><br \/>\n<\/a><a href=\"https:\/\/www.nuvol.com\/critica\/multipliqueu-vos-i-ompliu-la-terra\/\" target=\"_blank\" rel=\"noopener noreferrer\"><\/a>El conte de la serventa \u00e9s una novel\u00b7la escrita l&#8217;any 1985 sobre una societat tir\u00e0nica que recorda moltes coses d&#8217;avui dia:<br \/>\n&#8220;M\u2019imagino que \u00e9s aix\u00ed com van poder-ho fer tal com ho&hellip;  <a href=\"https:\/\/agora.xtec.cat\/iesdelvoltreganes\/general\/el-conte-de-la-serventa\/\" title=\"Read <em>El conte de la serventa<\/em>&#8220;>Llegeix m\u00e9s\u00bb<\/a><\/p>\n","protected":false},"author":6,"featured_media":0,"comment_status":"closed","ping_status":"closed","sticky":false,"template":"","format":"standard","meta":{"_bbp_topic_count":0,"_bbp_reply_count":0,"_bbp_total_topic_count":0,"_bbp_total_reply_count":0,"_bbp_voice_count":0,"_bbp_anonymous_reply_count":0,"_bbp_topic_count_hidden":0,"_bbp_reply_count_hidden":0,"_bbp_forum_subforum_count":0,"footnotes":""},"categories":[81,1],"tags":[82],"class_list":["post-3031","post","type-post","status-publish","format-standard","hentry","category-llibres-recomanats","category-general","tag-llibres"],"post_mailing_queue_ids":[],"_links":{"self":[{"href":"https:\/\/agora.xtec.cat\/iesdelvoltreganes\/wp-json\/wp\/v2\/posts\/3031","targetHints":{"allow":["GET"]}}],"collection":[{"href":"https:\/\/agora.xtec.cat\/iesdelvoltreganes\/wp-json\/wp\/v2\/posts"}],"about":[{"href":"https:\/\/agora.xtec.cat\/iesdelvoltreganes\/wp-json\/wp\/v2\/types\/post"}],"author":[{"embeddable":true,"href":"https:\/\/agora.xtec.cat\/iesdelvoltreganes\/wp-json\/wp\/v2\/users\/6"}],"replies":[{"embeddable":true,"href":"https:\/\/agora.xtec.cat\/iesdelvoltreganes\/wp-json\/wp\/v2\/comments?post=3031"}],"version-history":[{"count":3,"href":"https:\/\/agora.xtec.cat\/iesdelvoltreganes\/wp-json\/wp\/v2\/posts\/3031\/revisions"}],"predecessor-version":[{"id":3789,"href":"https:\/\/agora.xtec.cat\/iesdelvoltreganes\/wp-json\/wp\/v2\/posts\/3031\/revisions\/3789"}],"wp:attachment":[{"href":"https:\/\/agora.xtec.cat\/iesdelvoltreganes\/wp-json\/wp\/v2\/media?parent=3031"}],"wp:term":[{"taxonomy":"category","embeddable":true,"href":"https:\/\/agora.xtec.cat\/iesdelvoltreganes\/wp-json\/wp\/v2\/categories?post=3031"},{"taxonomy":"post_tag","embeddable":true,"href":"https:\/\/agora.xtec.cat\/iesdelvoltreganes\/wp-json\/wp\/v2\/tags?post=3031"}],"curies":[{"name":"wp","href":"https:\/\/api.w.org\/{rel}","templated":true}]}}