{"id":2946,"date":"2018-04-16T11:43:07","date_gmt":"2018-04-16T09:43:07","guid":{"rendered":"http:\/\/agora.xtec.cat\/iesdelvoltreganes\/?p=2946"},"modified":"2018-04-20T10:33:36","modified_gmt":"2018-04-20T08:33:36","slug":"anem-al-romea-a-veure-ledip","status":"publish","type":"post","link":"https:\/\/agora.xtec.cat\/iesdelvoltreganes\/general\/anem-al-romea-a-veure-ledip\/","title":{"rendered":"Anem al Romea a veure \u00c8dip"},"content":{"rendered":"<p>Despr\u00e9s de llegir i analitzar la trag\u00e8dia grega escrita per S\u00f2focles,<em> Edip rei<\/em>, el passat dissabte 7 d\u2019abril els alumnes del batxillerat human\u00edstic, acompanyats d&#8217;unes quantes mares dels propis alumnes i un dels professors del curs, van anar al Teatre Romea a veure <em>\u00c8dip<\/em> una obra protagonitzada per Julio Manrique i dirigida per Oriol Broggi.<br \/>\n<a href=\"http:\/\/agora.xtec.cat\/iesdelvoltreganes\/wp-content\/uploads\/usu618\/2018\/04\/71729d2c-92a5-415b-95b1-cb7b3f03264f.jpg\"><img loading=\"lazy\" decoding=\"async\" class=\"size-medium wp-image-2947 aligncenter\" src=\"http:\/\/agora.xtec.cat\/iesdelvoltreganes\/wp-content\/uploads\/usu618\/2018\/04\/71729d2c-92a5-415b-95b1-cb7b3f03264f-274x300.jpg\" alt=\"\" width=\"274\" height=\"300\" srcset=\"https:\/\/agora.xtec.cat\/iesdelvoltreganes\/wp-content\/uploads\/usu618\/2018\/04\/71729d2c-92a5-415b-95b1-cb7b3f03264f-274x300.jpg 274w, https:\/\/agora.xtec.cat\/iesdelvoltreganes\/wp-content\/uploads\/usu618\/2018\/04\/71729d2c-92a5-415b-95b1-cb7b3f03264f-768x842.jpg 768w, https:\/\/agora.xtec.cat\/iesdelvoltreganes\/wp-content\/uploads\/usu618\/2018\/04\/71729d2c-92a5-415b-95b1-cb7b3f03264f-934x1024.jpg 934w, https:\/\/agora.xtec.cat\/iesdelvoltreganes\/wp-content\/uploads\/usu618\/2018\/04\/71729d2c-92a5-415b-95b1-cb7b3f03264f.jpg 1460w\" sizes=\"auto, (max-width: 274px) 100vw, 274px\" \/><\/a><\/p>\n","protected":false},"excerpt":{"rendered":"<p>Despr\u00e9s de llegir i analitzar la trag\u00e8dia grega escrita per S\u00f2focles, Edip rei, el passat dissabte 7 d\u2019abril els alumnes del batxillerat human\u00edstic, acompanyats d&#8217;unes quantes mares dels propis alumnes i un dels professors del curs, van anar al Teatre Romea a veure \u00c8dip una&hellip;  <a href=\"https:\/\/agora.xtec.cat\/iesdelvoltreganes\/general\/anem-al-romea-a-veure-ledip\/\" title=\"Read Anem al Romea a veure \u00c8dip\">Llegeix m\u00e9s\u00bb<\/a><\/p>\n","protected":false},"author":6,"featured_media":0,"comment_status":"closed","ping_status":"closed","sticky":false,"template":"","format":"standard","meta":{"_bbp_topic_count":0,"_bbp_reply_count":0,"_bbp_total_topic_count":0,"_bbp_total_reply_count":0,"_bbp_voice_count":0,"_bbp_anonymous_reply_count":0,"_bbp_topic_count_hidden":0,"_bbp_reply_count_hidden":0,"_bbp_forum_subforum_count":0,"footnotes":""},"categories":[8,1,72,29],"tags":[40],"class_list":["post-2946","post","type-post","status-publish","format-standard","hentry","category-batxillerat","category-general","category-llengues-i-literatura","category-portada","tag-teatre"],"post_mailing_queue_ids":[],"_links":{"self":[{"href":"https:\/\/agora.xtec.cat\/iesdelvoltreganes\/wp-json\/wp\/v2\/posts\/2946","targetHints":{"allow":["GET"]}}],"collection":[{"href":"https:\/\/agora.xtec.cat\/iesdelvoltreganes\/wp-json\/wp\/v2\/posts"}],"about":[{"href":"https:\/\/agora.xtec.cat\/iesdelvoltreganes\/wp-json\/wp\/v2\/types\/post"}],"author":[{"embeddable":true,"href":"https:\/\/agora.xtec.cat\/iesdelvoltreganes\/wp-json\/wp\/v2\/users\/6"}],"replies":[{"embeddable":true,"href":"https:\/\/agora.xtec.cat\/iesdelvoltreganes\/wp-json\/wp\/v2\/comments?post=2946"}],"version-history":[{"count":3,"href":"https:\/\/agora.xtec.cat\/iesdelvoltreganes\/wp-json\/wp\/v2\/posts\/2946\/revisions"}],"predecessor-version":[{"id":2962,"href":"https:\/\/agora.xtec.cat\/iesdelvoltreganes\/wp-json\/wp\/v2\/posts\/2946\/revisions\/2962"}],"wp:attachment":[{"href":"https:\/\/agora.xtec.cat\/iesdelvoltreganes\/wp-json\/wp\/v2\/media?parent=2946"}],"wp:term":[{"taxonomy":"category","embeddable":true,"href":"https:\/\/agora.xtec.cat\/iesdelvoltreganes\/wp-json\/wp\/v2\/categories?post=2946"},{"taxonomy":"post_tag","embeddable":true,"href":"https:\/\/agora.xtec.cat\/iesdelvoltreganes\/wp-json\/wp\/v2\/tags?post=2946"}],"curies":[{"name":"wp","href":"https:\/\/api.w.org\/{rel}","templated":true}]}}