{"id":2942,"date":"2018-04-16T11:40:58","date_gmt":"2018-04-16T09:40:58","guid":{"rendered":"http:\/\/agora.xtec.cat\/iesdelvoltreganes\/?p=2942"},"modified":"2018-04-20T10:34:27","modified_gmt":"2018-04-20T08:34:27","slug":"frankenstein","status":"publish","type":"post","link":"https:\/\/agora.xtec.cat\/iesdelvoltreganes\/general\/frankenstein\/","title":{"rendered":"Anem a l&#8217;Atl\u00e0ntida a veure Frankenstein"},"content":{"rendered":"<p>El passat diumenge 8 d\u2019abril, els alumnes de literatura universal de l\u2019institut van anar a l\u2019Atl\u00e0ntida de Vic a veure l\u2019obra <em>Frankenstein<\/em>, una representaci\u00f3 teatral del popular llibre de Mary Shelley, protagonitzada per Joel Joan i \u00c0ngel Ll\u00e0cer, i dirigida per Carme Portaceli. D\u2019aquesta manera, els alumnes van poder veure una actuaci\u00f3 sobre un llibre que havien llegit anteriorment, un cl\u00e0ssic publicat ara fa 200 anys.<br \/>\n<a href=\"http:\/\/agora.xtec.cat\/iesdelvoltreganes\/wp-content\/uploads\/usu618\/2018\/04\/IMG_7840.jpg\"><img loading=\"lazy\" decoding=\"async\" class=\"size-medium wp-image-2943 aligncenter\" src=\"http:\/\/agora.xtec.cat\/iesdelvoltreganes\/wp-content\/uploads\/usu618\/2018\/04\/IMG_7840-300x225.jpg\" alt=\"\" width=\"300\" height=\"225\" srcset=\"https:\/\/agora.xtec.cat\/iesdelvoltreganes\/wp-content\/uploads\/usu618\/2018\/04\/IMG_7840-300x225.jpg 300w, https:\/\/agora.xtec.cat\/iesdelvoltreganes\/wp-content\/uploads\/usu618\/2018\/04\/IMG_7840-768x576.jpg 768w, https:\/\/agora.xtec.cat\/iesdelvoltreganes\/wp-content\/uploads\/usu618\/2018\/04\/IMG_7840-1024x768.jpg 1024w, https:\/\/agora.xtec.cat\/iesdelvoltreganes\/wp-content\/uploads\/usu618\/2018\/04\/IMG_7840-200x150.jpg 200w, https:\/\/agora.xtec.cat\/iesdelvoltreganes\/wp-content\/uploads\/usu618\/2018\/04\/IMG_7840.jpg 2016w\" sizes=\"auto, (max-width: 300px) 100vw, 300px\" \/><\/a><\/p>\n","protected":false},"excerpt":{"rendered":"<p>El passat diumenge 8 d\u2019abril, els alumnes de literatura universal de l\u2019institut van anar a l\u2019Atl\u00e0ntida de Vic a veure l\u2019obra Frankenstein, una representaci\u00f3 teatral del popular llibre de Mary Shelley, protagonitzada per Joel Joan i \u00c0ngel Ll\u00e0cer, i dirigida per Carme Portaceli. D\u2019aquesta manera,&hellip;  <a href=\"https:\/\/agora.xtec.cat\/iesdelvoltreganes\/general\/frankenstein\/\" title=\"Read Anem a l&#8217;Atl\u00e0ntida a veure Frankenstein\">Llegeix m\u00e9s\u00bb<\/a><\/p>\n","protected":false},"author":6,"featured_media":0,"comment_status":"closed","ping_status":"closed","sticky":false,"template":"","format":"standard","meta":{"_bbp_topic_count":0,"_bbp_reply_count":0,"_bbp_total_topic_count":0,"_bbp_total_reply_count":0,"_bbp_voice_count":0,"_bbp_anonymous_reply_count":0,"_bbp_topic_count_hidden":0,"_bbp_reply_count_hidden":0,"_bbp_forum_subforum_count":0,"footnotes":""},"categories":[8,1,72,29],"tags":[40],"class_list":["post-2942","post","type-post","status-publish","format-standard","hentry","category-batxillerat","category-general","category-llengues-i-literatura","category-portada","tag-teatre"],"post_mailing_queue_ids":[],"_links":{"self":[{"href":"https:\/\/agora.xtec.cat\/iesdelvoltreganes\/wp-json\/wp\/v2\/posts\/2942","targetHints":{"allow":["GET"]}}],"collection":[{"href":"https:\/\/agora.xtec.cat\/iesdelvoltreganes\/wp-json\/wp\/v2\/posts"}],"about":[{"href":"https:\/\/agora.xtec.cat\/iesdelvoltreganes\/wp-json\/wp\/v2\/types\/post"}],"author":[{"embeddable":true,"href":"https:\/\/agora.xtec.cat\/iesdelvoltreganes\/wp-json\/wp\/v2\/users\/6"}],"replies":[{"embeddable":true,"href":"https:\/\/agora.xtec.cat\/iesdelvoltreganes\/wp-json\/wp\/v2\/comments?post=2942"}],"version-history":[{"count":3,"href":"https:\/\/agora.xtec.cat\/iesdelvoltreganes\/wp-json\/wp\/v2\/posts\/2942\/revisions"}],"predecessor-version":[{"id":2963,"href":"https:\/\/agora.xtec.cat\/iesdelvoltreganes\/wp-json\/wp\/v2\/posts\/2942\/revisions\/2963"}],"wp:attachment":[{"href":"https:\/\/agora.xtec.cat\/iesdelvoltreganes\/wp-json\/wp\/v2\/media?parent=2942"}],"wp:term":[{"taxonomy":"category","embeddable":true,"href":"https:\/\/agora.xtec.cat\/iesdelvoltreganes\/wp-json\/wp\/v2\/categories?post=2942"},{"taxonomy":"post_tag","embeddable":true,"href":"https:\/\/agora.xtec.cat\/iesdelvoltreganes\/wp-json\/wp\/v2\/tags?post=2942"}],"curies":[{"name":"wp","href":"https:\/\/api.w.org\/{rel}","templated":true}]}}