{"id":2924,"date":"2018-04-11T09:12:11","date_gmt":"2018-04-11T07:12:11","guid":{"rendered":"http:\/\/agora.xtec.cat\/iesdelvoltreganes\/?p=2924"},"modified":"2018-04-12T10:20:43","modified_gmt":"2018-04-12T08:20:43","slug":"posat-al-meu-lloc","status":"publish","type":"post","link":"https:\/\/agora.xtec.cat\/iesdelvoltreganes\/general\/posat-al-meu-lloc\/","title":{"rendered":"Posa\u2019t al meu lloc"},"content":{"rendered":"<p>Els alumnes de 4t d&#8217;ESO han treballat juntament amb l&#8217;entitat ADFO i l&#8217;Ajuntament de Les Masies de Voltreg\u00e0 el projecte \u2018Posa\u2019t al meu lloc\u2019, de l\u2019Associaci\u00f3 de Disminu\u00efts F\u00edsics d\u2019Osona, l\u2019ADFO.<br \/>\n<a href=\"https:\/\/photos.app.goo.gl\/4MPdM1kzYQWwtYJ82\" target=\"_blank\" rel=\"noopener noreferrer\"><img loading=\"lazy\" decoding=\"async\" class=\"aligncenter wp-image-2934 size-medium\" src=\"http:\/\/agora.xtec.cat\/iesdelvoltreganes\/wp-content\/uploads\/usu618\/2018\/04\/IMG_7093-300x174.jpg\" alt=\"\" width=\"300\" height=\"174\" srcset=\"https:\/\/agora.xtec.cat\/iesdelvoltreganes\/wp-content\/uploads\/usu618\/2018\/04\/IMG_7093-300x174.jpg 300w, https:\/\/agora.xtec.cat\/iesdelvoltreganes\/wp-content\/uploads\/usu618\/2018\/04\/IMG_7093-768x445.jpg 768w, https:\/\/agora.xtec.cat\/iesdelvoltreganes\/wp-content\/uploads\/usu618\/2018\/04\/IMG_7093-1024x593.jpg 1024w\" sizes=\"auto, (max-width: 300px) 100vw, 300px\" \/><\/a><\/p>\n","protected":false},"excerpt":{"rendered":"<p>Els alumnes de 4t d&#8217;ESO han treballat juntament amb l&#8217;entitat ADFO i l&#8217;Ajuntament de Les Masies de Voltreg\u00e0 el projecte \u2018Posa\u2019t al meu lloc\u2019, de l\u2019Associaci\u00f3 de Disminu\u00efts F\u00edsics d\u2019Osona, l\u2019ADFO.<br \/>\n<a href=\"https:\/\/photos.app.goo.gl\/4MPdM1kzYQWwtYJ82\" target=\"_blank\" rel=\"noopener noreferrer\"><\/a><\/p>\n","protected":false},"author":6,"featured_media":0,"comment_status":"closed","ping_status":"closed","sticky":false,"template":"","format":"standard","meta":{"_bbp_topic_count":0,"_bbp_reply_count":0,"_bbp_total_topic_count":0,"_bbp_total_reply_count":0,"_bbp_voice_count":0,"_bbp_anonymous_reply_count":0,"_bbp_topic_count_hidden":0,"_bbp_reply_count_hidden":0,"_bbp_forum_subforum_count":0,"footnotes":""},"categories":[67,7,1,29],"tags":[],"class_list":["post-2924","post","type-post","status-publish","format-standard","hentry","category-educacio-fisica","category-eso-4","category-general","category-portada"],"post_mailing_queue_ids":[],"_links":{"self":[{"href":"https:\/\/agora.xtec.cat\/iesdelvoltreganes\/wp-json\/wp\/v2\/posts\/2924","targetHints":{"allow":["GET"]}}],"collection":[{"href":"https:\/\/agora.xtec.cat\/iesdelvoltreganes\/wp-json\/wp\/v2\/posts"}],"about":[{"href":"https:\/\/agora.xtec.cat\/iesdelvoltreganes\/wp-json\/wp\/v2\/types\/post"}],"author":[{"embeddable":true,"href":"https:\/\/agora.xtec.cat\/iesdelvoltreganes\/wp-json\/wp\/v2\/users\/6"}],"replies":[{"embeddable":true,"href":"https:\/\/agora.xtec.cat\/iesdelvoltreganes\/wp-json\/wp\/v2\/comments?post=2924"}],"version-history":[{"count":3,"href":"https:\/\/agora.xtec.cat\/iesdelvoltreganes\/wp-json\/wp\/v2\/posts\/2924\/revisions"}],"predecessor-version":[{"id":2936,"href":"https:\/\/agora.xtec.cat\/iesdelvoltreganes\/wp-json\/wp\/v2\/posts\/2924\/revisions\/2936"}],"wp:attachment":[{"href":"https:\/\/agora.xtec.cat\/iesdelvoltreganes\/wp-json\/wp\/v2\/media?parent=2924"}],"wp:term":[{"taxonomy":"category","embeddable":true,"href":"https:\/\/agora.xtec.cat\/iesdelvoltreganes\/wp-json\/wp\/v2\/categories?post=2924"},{"taxonomy":"post_tag","embeddable":true,"href":"https:\/\/agora.xtec.cat\/iesdelvoltreganes\/wp-json\/wp\/v2\/tags?post=2924"}],"curies":[{"name":"wp","href":"https:\/\/api.w.org\/{rel}","templated":true}]}}