{"id":2920,"date":"2018-04-10T12:28:58","date_gmt":"2018-04-10T10:28:58","guid":{"rendered":"http:\/\/agora.xtec.cat\/iesdelvoltreganes\/?p=2920"},"modified":"2018-04-12T09:22:02","modified_gmt":"2018-04-12T07:22:02","slug":"la-maternitat-delna-2","status":"publish","type":"post","link":"https:\/\/agora.xtec.cat\/iesdelvoltreganes\/general\/la-maternitat-delna-2\/","title":{"rendered":"La Maternitat d&#8217;Elna"},"content":{"rendered":"<p>Dilluns 9 d&#8217;abril ,la historiadora i escriptora catalana Assumpta Montell\u00e0 ha fet una confer\u00e8ncia sobre com van arribar i com van ser tractats a l&#8217;inici del seu exili les m\u00e9s de 500.000 persones que van entrar a Fran\u00e7a el 1939 fugint de la persecuci\u00f3 del b\u00e0ndol nacional. L&#8217;escriptora ha explicat la import\u00e0ncia de recollir i transmetre la mem\u00f2ria hist\u00f2rica a trav\u00e9s de les fonts orals i escrites de persones an\u00f2nimes per poder tenir una informaci\u00f3 m\u00e9s completa del que va passar . Montell\u00e0 autora de La Maternitat d&#8217;Elna,ha explicat tamb\u00e9 el seu testimoni com a historiadora i com a persona a partir del moment en que va entrar en contacte amb Elisabeth Eidenbenz, la jove que va ajudar a n\u00e9ixer amb dignitat a 597 fills de refugiades de la Guerra Civil espanyola que probablement haurien per desatenci\u00f3 a la zona francesa.<br \/>\nL&#8217;activitat organitzada per l&#8217;\u00e0rea de Ci\u00e8ncies Socials de l&#8217;institut ha estat seguida amb gran expectaci\u00f3 per l&#8217;alumnat i professorat de 4rt d&#8217;ESO, 1r i 2n de Batxillerat.<br \/>\n<a href=\"http:\/\/agora.xtec.cat\/iesdelvoltreganes\/wp-content\/uploads\/usu618\/2018\/04\/IMG_8555.jpg\"><img loading=\"lazy\" decoding=\"async\" class=\"size-medium wp-image-2921 aligncenter\" src=\"http:\/\/agora.xtec.cat\/iesdelvoltreganes\/wp-content\/uploads\/usu618\/2018\/04\/IMG_8555-300x225.jpg\" alt=\"\" width=\"300\" height=\"225\" srcset=\"https:\/\/agora.xtec.cat\/iesdelvoltreganes\/wp-content\/uploads\/usu618\/2018\/04\/IMG_8555-300x225.jpg 300w, https:\/\/agora.xtec.cat\/iesdelvoltreganes\/wp-content\/uploads\/usu618\/2018\/04\/IMG_8555-768x576.jpg 768w, https:\/\/agora.xtec.cat\/iesdelvoltreganes\/wp-content\/uploads\/usu618\/2018\/04\/IMG_8555-1024x768.jpg 1024w, https:\/\/agora.xtec.cat\/iesdelvoltreganes\/wp-content\/uploads\/usu618\/2018\/04\/IMG_8555-200x150.jpg 200w\" sizes=\"auto, (max-width: 300px) 100vw, 300px\" \/><\/a><\/p>\n","protected":false},"excerpt":{"rendered":"<p>Dilluns 9 d&#8217;abril ,la historiadora i escriptora catalana Assumpta Montell\u00e0 ha fet una confer\u00e8ncia sobre com van arribar i com van ser tractats a l&#8217;inici del seu exili les m\u00e9s de 500.000 persones que van entrar a Fran\u00e7a el 1939 fugint de la persecuci\u00f3 del&hellip;  <a href=\"https:\/\/agora.xtec.cat\/iesdelvoltreganes\/general\/la-maternitat-delna-2\/\" title=\"Read La Maternitat d&#8217;Elna\">Llegeix m\u00e9s\u00bb<\/a><\/p>\n","protected":false},"author":6,"featured_media":2921,"comment_status":"closed","ping_status":"closed","sticky":false,"template":"","format":"standard","meta":{"_bbp_topic_count":0,"_bbp_reply_count":0,"_bbp_total_topic_count":0,"_bbp_total_reply_count":0,"_bbp_voice_count":0,"_bbp_anonymous_reply_count":0,"_bbp_topic_count_hidden":0,"_bbp_reply_count_hidden":0,"_bbp_forum_subforum_count":0,"footnotes":""},"categories":[8,66,7,1,29],"tags":[],"class_list":["post-2920","post","type-post","status-publish","format-standard","has-post-thumbnail","hentry","category-batxillerat","category-ciencies-socials","category-eso-4","category-general","category-portada"],"post_mailing_queue_ids":[],"_links":{"self":[{"href":"https:\/\/agora.xtec.cat\/iesdelvoltreganes\/wp-json\/wp\/v2\/posts\/2920","targetHints":{"allow":["GET"]}}],"collection":[{"href":"https:\/\/agora.xtec.cat\/iesdelvoltreganes\/wp-json\/wp\/v2\/posts"}],"about":[{"href":"https:\/\/agora.xtec.cat\/iesdelvoltreganes\/wp-json\/wp\/v2\/types\/post"}],"author":[{"embeddable":true,"href":"https:\/\/agora.xtec.cat\/iesdelvoltreganes\/wp-json\/wp\/v2\/users\/6"}],"replies":[{"embeddable":true,"href":"https:\/\/agora.xtec.cat\/iesdelvoltreganes\/wp-json\/wp\/v2\/comments?post=2920"}],"version-history":[{"count":1,"href":"https:\/\/agora.xtec.cat\/iesdelvoltreganes\/wp-json\/wp\/v2\/posts\/2920\/revisions"}],"predecessor-version":[{"id":2922,"href":"https:\/\/agora.xtec.cat\/iesdelvoltreganes\/wp-json\/wp\/v2\/posts\/2920\/revisions\/2922"}],"wp:featuredmedia":[{"embeddable":true,"href":"https:\/\/agora.xtec.cat\/iesdelvoltreganes\/wp-json\/wp\/v2\/media\/2921"}],"wp:attachment":[{"href":"https:\/\/agora.xtec.cat\/iesdelvoltreganes\/wp-json\/wp\/v2\/media?parent=2920"}],"wp:term":[{"taxonomy":"category","embeddable":true,"href":"https:\/\/agora.xtec.cat\/iesdelvoltreganes\/wp-json\/wp\/v2\/categories?post=2920"},{"taxonomy":"post_tag","embeddable":true,"href":"https:\/\/agora.xtec.cat\/iesdelvoltreganes\/wp-json\/wp\/v2\/tags?post=2920"}],"curies":[{"name":"wp","href":"https:\/\/api.w.org\/{rel}","templated":true}]}}