{"id":2914,"date":"2018-04-09T12:27:50","date_gmt":"2018-04-09T10:27:50","guid":{"rendered":"http:\/\/agora.xtec.cat\/iesdelvoltreganes\/?p=2914"},"modified":"2018-04-09T12:36:19","modified_gmt":"2018-04-09T10:36:19","slug":"camins-de-lexili","status":"publish","type":"post","link":"https:\/\/agora.xtec.cat\/iesdelvoltreganes\/general\/camins-de-lexili\/","title":{"rendered":"Camins de l&#8217;exili"},"content":{"rendered":"<p>Dimats 4 d&#8217;abril, 2n de batxillerat va participar en la ruta &#8220;Camins de l&#8217;exili&#8221; organitzada per l&#8217;\u00e0rea de Ci\u00e8ncies Socials dins del marc de la programaci\u00f3 d&#8217;Hist\u00f2ria de Batxillerat. Els nostres alumnes van visitar el Museu Memorial de l&#8217;Exili de la Jonquera, la Mina Canta i van caminar pel Coll del Lli seguint el trajecte que va fer part de la poblaci\u00f3 fugint de les tropes del b\u00e0ndol nacional.<\/p>\n<p><a href=\"https:\/\/photos.app.goo.gl\/31d3KHj91nifg7UF2\" target=\"_blank\" rel=\"noopener noreferrer\"><img loading=\"lazy\" decoding=\"async\" class=\"aligncenter wp-image-2915 size-medium\" src=\"http:\/\/agora.xtec.cat\/iesdelvoltreganes\/wp-content\/uploads\/usu618\/2018\/04\/bo-1-300x225.jpg\" alt=\"\" width=\"300\" height=\"225\" srcset=\"https:\/\/agora.xtec.cat\/iesdelvoltreganes\/wp-content\/uploads\/usu618\/2018\/04\/bo-1-300x225.jpg 300w, https:\/\/agora.xtec.cat\/iesdelvoltreganes\/wp-content\/uploads\/usu618\/2018\/04\/bo-1-768x576.jpg 768w, https:\/\/agora.xtec.cat\/iesdelvoltreganes\/wp-content\/uploads\/usu618\/2018\/04\/bo-1-1024x768.jpg 1024w, https:\/\/agora.xtec.cat\/iesdelvoltreganes\/wp-content\/uploads\/usu618\/2018\/04\/bo-1-200x150.jpg 200w, https:\/\/agora.xtec.cat\/iesdelvoltreganes\/wp-content\/uploads\/usu618\/2018\/04\/bo-1.jpg 1040w\" sizes=\"auto, (max-width: 300px) 100vw, 300px\" \/><\/a><\/p>\n","protected":false},"excerpt":{"rendered":"<p>Dimats 4 d&#8217;abril, 2n de batxillerat va participar en la ruta &#8220;Camins de l&#8217;exili&#8221; organitzada per l&#8217;\u00e0rea de Ci\u00e8ncies Socials dins del marc de la programaci\u00f3 d&#8217;Hist\u00f2ria de Batxillerat. Els nostres alumnes van visitar el Museu Memorial de l&#8217;Exili de la Jonquera, la Mina Canta&hellip;  <a href=\"https:\/\/agora.xtec.cat\/iesdelvoltreganes\/general\/camins-de-lexili\/\" title=\"Read Camins de l&#8217;exili\">Llegeix m\u00e9s\u00bb<\/a><\/p>\n","protected":false},"author":6,"featured_media":0,"comment_status":"closed","ping_status":"closed","sticky":false,"template":"","format":"standard","meta":{"_bbp_topic_count":0,"_bbp_reply_count":0,"_bbp_total_topic_count":0,"_bbp_total_reply_count":0,"_bbp_voice_count":0,"_bbp_anonymous_reply_count":0,"_bbp_topic_count_hidden":0,"_bbp_reply_count_hidden":0,"_bbp_forum_subforum_count":0,"footnotes":""},"categories":[66,1,29],"tags":[39],"class_list":["post-2914","post","type-post","status-publish","format-standard","hentry","category-ciencies-socials","category-general","category-portada","tag-sortides"],"post_mailing_queue_ids":[],"_links":{"self":[{"href":"https:\/\/agora.xtec.cat\/iesdelvoltreganes\/wp-json\/wp\/v2\/posts\/2914","targetHints":{"allow":["GET"]}}],"collection":[{"href":"https:\/\/agora.xtec.cat\/iesdelvoltreganes\/wp-json\/wp\/v2\/posts"}],"about":[{"href":"https:\/\/agora.xtec.cat\/iesdelvoltreganes\/wp-json\/wp\/v2\/types\/post"}],"author":[{"embeddable":true,"href":"https:\/\/agora.xtec.cat\/iesdelvoltreganes\/wp-json\/wp\/v2\/users\/6"}],"replies":[{"embeddable":true,"href":"https:\/\/agora.xtec.cat\/iesdelvoltreganes\/wp-json\/wp\/v2\/comments?post=2914"}],"version-history":[{"count":2,"href":"https:\/\/agora.xtec.cat\/iesdelvoltreganes\/wp-json\/wp\/v2\/posts\/2914\/revisions"}],"predecessor-version":[{"id":2919,"href":"https:\/\/agora.xtec.cat\/iesdelvoltreganes\/wp-json\/wp\/v2\/posts\/2914\/revisions\/2919"}],"wp:attachment":[{"href":"https:\/\/agora.xtec.cat\/iesdelvoltreganes\/wp-json\/wp\/v2\/media?parent=2914"}],"wp:term":[{"taxonomy":"category","embeddable":true,"href":"https:\/\/agora.xtec.cat\/iesdelvoltreganes\/wp-json\/wp\/v2\/categories?post=2914"},{"taxonomy":"post_tag","embeddable":true,"href":"https:\/\/agora.xtec.cat\/iesdelvoltreganes\/wp-json\/wp\/v2\/tags?post=2914"}],"curies":[{"name":"wp","href":"https:\/\/api.w.org\/{rel}","templated":true}]}}