{"id":2908,"date":"2018-04-09T10:23:30","date_gmt":"2018-04-09T08:23:30","guid":{"rendered":"http:\/\/agora.xtec.cat\/iesdelvoltreganes\/?p=2908"},"modified":"2018-04-10T12:42:36","modified_gmt":"2018-04-10T10:42:36","slug":"lescriptor-valencia-octavi-monsonis-a-linstitut","status":"publish","type":"post","link":"https:\/\/agora.xtec.cat\/iesdelvoltreganes\/general\/lescriptor-valencia-octavi-monsonis-a-linstitut\/","title":{"rendered":"L\u2019escriptor valenci\u00e0 Octavi Monson\u00eds a l\u2019institut"},"content":{"rendered":"<p>El dimarts 3 d\u2019abril, Octavi Monson\u00eds i Arnandis va venir a l\u2019institut per explicar als alumnes de l&#8217;itinerari human\u00edstic i social una vida plena d\u2019experi\u00e8ncies i ens va donar a con\u00e8ixer com \u00e9s realment el Pa\u00eds\u00a0Valenci\u00e0 . Va n\u00e9ixer a Borrania, comarca de la Plana Baixa, l\u2019any 1949.\u00a0L\u2019Octavi va presenciar com el Partit Popular, va prohibir el catal\u00e0 a Val\u00e8ncia.<br \/>\nAquesta intenci\u00f3 de trencar la unitat ling\u00fc\u00edstica es va portar a\u00a0 l\u2019extrem, tant que fins i\u00a0tot s\u2019afirma que es tracta de dos dialectes sense cap relaci\u00f3. Tamb\u00e9 es va retirar el\u00a0catal\u00e0 de la via p\u00fablica, es va prohibir qualsevol programa de radio o qualsevol\u00a0canal de televisi\u00f3 com TV3, entre d\u2019altres. A aix\u00f2, l\u2019Octavi sempre ha lluitat en contra\u00a0d\u2019aquesta opressi\u00f3 per part del m\u00e0xim dirigents de l\u2019estat espanyol. Aix\u00f2 fa que una\u00a0gran part de la poblaci\u00f3 catalana tingui una idea equivocada de Val\u00e8ncia. Ell ens va\u00a0mostrar tot el contrari. Ens va explicar les diferents festes que es realitzen com les<br \/>\nfamoses Falles, entre d\u2019altres. Tamb\u00e9 la relaci\u00f3 entre la nostra bandera i la seva,\u00a0que es la mateixa per\u00f2 amb el color blau imposat pel blaverisme per evitar la idea\u00a0d\u2019unitat cultural.\u00a0\u00c9s un escriptor i traductor guanyador de diversos premis. \u00c9s llicenciat per la<br \/>\nUniversitat de Val\u00e8ncia i amb una carrera docent, tant com a\u00a0 professor de llengua i\u00a0literatura com director al major institut de Val\u00e8nica, el Llu\u00eds Vives. Observant la seva\u00a0traject\u00f2ria va donar consells sobre l\u2019escriptura i la lectura, i la import\u00e0ncia en la seva<br \/>\nvida. Tanmateix ens va presentar els seus llibres, Carrer de Pas, Rotterdam\u00a0provisionalment i Lluna crua, alguns llegits a classe i que hem incorporat a la\u00a0biblioteca del centre&#8230;<a href=\"http:\/\/agora.xtec.cat\/iesdelvoltreganes\/wp-content\/uploads\/usu618\/2018\/04\/image1.jpeg\"><img loading=\"lazy\" decoding=\"async\" class=\"alignnone size-medium wp-image-2909\" src=\"http:\/\/agora.xtec.cat\/iesdelvoltreganes\/wp-content\/uploads\/usu618\/2018\/04\/image1-300x194.jpeg\" alt=\"\" width=\"300\" height=\"194\" srcset=\"https:\/\/agora.xtec.cat\/iesdelvoltreganes\/wp-content\/uploads\/usu618\/2018\/04\/image1-300x194.jpeg 300w, https:\/\/agora.xtec.cat\/iesdelvoltreganes\/wp-content\/uploads\/usu618\/2018\/04\/image1-768x498.jpeg 768w, https:\/\/agora.xtec.cat\/iesdelvoltreganes\/wp-content\/uploads\/usu618\/2018\/04\/image1-1024x663.jpeg 1024w\" sizes=\"auto, (max-width: 300px) 100vw, 300px\" \/><\/a> <a href=\"http:\/\/agora.xtec.cat\/iesdelvoltreganes\/wp-content\/uploads\/usu618\/2018\/04\/image2.jpeg\"><img loading=\"lazy\" decoding=\"async\" class=\"alignnone size-medium wp-image-2910\" src=\"http:\/\/agora.xtec.cat\/iesdelvoltreganes\/wp-content\/uploads\/usu618\/2018\/04\/image2-300x225.jpeg\" alt=\"\" width=\"300\" height=\"225\" srcset=\"https:\/\/agora.xtec.cat\/iesdelvoltreganes\/wp-content\/uploads\/usu618\/2018\/04\/image2-300x225.jpeg 300w, https:\/\/agora.xtec.cat\/iesdelvoltreganes\/wp-content\/uploads\/usu618\/2018\/04\/image2-768x576.jpeg 768w, https:\/\/agora.xtec.cat\/iesdelvoltreganes\/wp-content\/uploads\/usu618\/2018\/04\/image2-1024x768.jpeg 1024w, https:\/\/agora.xtec.cat\/iesdelvoltreganes\/wp-content\/uploads\/usu618\/2018\/04\/image2-200x150.jpeg 200w, https:\/\/agora.xtec.cat\/iesdelvoltreganes\/wp-content\/uploads\/usu618\/2018\/04\/image2.jpeg 2016w\" sizes=\"auto, (max-width: 300px) 100vw, 300px\" \/><\/a> <a href=\"http:\/\/agora.xtec.cat\/iesdelvoltreganes\/wp-content\/uploads\/usu618\/2018\/04\/image3.jpeg\"><img loading=\"lazy\" decoding=\"async\" class=\"alignnone wp-image-2911 size-medium\" src=\"http:\/\/agora.xtec.cat\/iesdelvoltreganes\/wp-content\/uploads\/usu618\/2018\/04\/image3-e1523262202272-225x300.jpeg\" alt=\"\" width=\"225\" height=\"300\" \/><\/a> <a href=\"http:\/\/agora.xtec.cat\/iesdelvoltreganes\/wp-content\/uploads\/usu618\/2018\/04\/image4.jpeg\"><img loading=\"lazy\" decoding=\"async\" class=\"alignnone size-medium wp-image-2912\" src=\"http:\/\/agora.xtec.cat\/iesdelvoltreganes\/wp-content\/uploads\/usu618\/2018\/04\/image4-300x225.jpeg\" alt=\"\" width=\"300\" height=\"225\" srcset=\"https:\/\/agora.xtec.cat\/iesdelvoltreganes\/wp-content\/uploads\/usu618\/2018\/04\/image4-300x225.jpeg 300w, https:\/\/agora.xtec.cat\/iesdelvoltreganes\/wp-content\/uploads\/usu618\/2018\/04\/image4-768x576.jpeg 768w, https:\/\/agora.xtec.cat\/iesdelvoltreganes\/wp-content\/uploads\/usu618\/2018\/04\/image4-1024x768.jpeg 1024w, https:\/\/agora.xtec.cat\/iesdelvoltreganes\/wp-content\/uploads\/usu618\/2018\/04\/image4-200x150.jpeg 200w, https:\/\/agora.xtec.cat\/iesdelvoltreganes\/wp-content\/uploads\/usu618\/2018\/04\/image4.jpeg 2016w\" sizes=\"auto, (max-width: 300px) 100vw, 300px\" \/><\/a><\/p>\n","protected":false},"excerpt":{"rendered":"<p>El dimarts 3 d\u2019abril, Octavi Monson\u00eds i Arnandis va venir a l\u2019institut per explicar als alumnes de l&#8217;itinerari human\u00edstic i social una vida plena d\u2019experi\u00e8ncies i ens va donar a con\u00e8ixer com \u00e9s realment el Pa\u00eds\u00a0Valenci\u00e0 . Va n\u00e9ixer a Borrania, comarca de la Plana&hellip;  <a href=\"https:\/\/agora.xtec.cat\/iesdelvoltreganes\/general\/lescriptor-valencia-octavi-monsonis-a-linstitut\/\" title=\"Read L\u2019escriptor valenci\u00e0 Octavi Monson\u00eds a l\u2019institut\">Llegeix m\u00e9s\u00bb<\/a><\/p>\n","protected":false},"author":6,"featured_media":2910,"comment_status":"closed","ping_status":"closed","sticky":false,"template":"","format":"standard","meta":{"_bbp_topic_count":0,"_bbp_reply_count":0,"_bbp_total_topic_count":0,"_bbp_total_reply_count":0,"_bbp_voice_count":0,"_bbp_anonymous_reply_count":0,"_bbp_topic_count_hidden":0,"_bbp_reply_count_hidden":0,"_bbp_forum_subforum_count":0,"footnotes":""},"categories":[1,72,29],"tags":[],"class_list":["post-2908","post","type-post","status-publish","format-standard","has-post-thumbnail","hentry","category-general","category-llengues-i-literatura","category-portada"],"post_mailing_queue_ids":[],"_links":{"self":[{"href":"https:\/\/agora.xtec.cat\/iesdelvoltreganes\/wp-json\/wp\/v2\/posts\/2908","targetHints":{"allow":["GET"]}}],"collection":[{"href":"https:\/\/agora.xtec.cat\/iesdelvoltreganes\/wp-json\/wp\/v2\/posts"}],"about":[{"href":"https:\/\/agora.xtec.cat\/iesdelvoltreganes\/wp-json\/wp\/v2\/types\/post"}],"author":[{"embeddable":true,"href":"https:\/\/agora.xtec.cat\/iesdelvoltreganes\/wp-json\/wp\/v2\/users\/6"}],"replies":[{"embeddable":true,"href":"https:\/\/agora.xtec.cat\/iesdelvoltreganes\/wp-json\/wp\/v2\/comments?post=2908"}],"version-history":[{"count":2,"href":"https:\/\/agora.xtec.cat\/iesdelvoltreganes\/wp-json\/wp\/v2\/posts\/2908\/revisions"}],"predecessor-version":[{"id":2923,"href":"https:\/\/agora.xtec.cat\/iesdelvoltreganes\/wp-json\/wp\/v2\/posts\/2908\/revisions\/2923"}],"wp:featuredmedia":[{"embeddable":true,"href":"https:\/\/agora.xtec.cat\/iesdelvoltreganes\/wp-json\/wp\/v2\/media\/2910"}],"wp:attachment":[{"href":"https:\/\/agora.xtec.cat\/iesdelvoltreganes\/wp-json\/wp\/v2\/media?parent=2908"}],"wp:term":[{"taxonomy":"category","embeddable":true,"href":"https:\/\/agora.xtec.cat\/iesdelvoltreganes\/wp-json\/wp\/v2\/categories?post=2908"},{"taxonomy":"post_tag","embeddable":true,"href":"https:\/\/agora.xtec.cat\/iesdelvoltreganes\/wp-json\/wp\/v2\/tags?post=2908"}],"curies":[{"name":"wp","href":"https:\/\/api.w.org\/{rel}","templated":true}]}}