{"id":2899,"date":"2018-03-22T10:30:51","date_gmt":"2018-03-22T09:30:51","guid":{"rendered":"http:\/\/agora.xtec.cat\/iesdelvoltreganes\/?p=2899"},"modified":"2018-05-17T12:57:38","modified_gmt":"2018-05-17T10:57:38","slug":"campanya-de-sensibilitzacio-i-divulgacio-apropat-al-mon-del-llop","status":"publish","type":"post","link":"https:\/\/agora.xtec.cat\/iesdelvoltreganes\/general\/campanya-de-sensibilitzacio-i-divulgacio-apropat-al-mon-del-llop\/","title":{"rendered":"Campanya de sensibilitzaci\u00f3 i divulgaci\u00f3 &#8220;Apropa\u2019t al m\u00f3n del llop\u201d"},"content":{"rendered":"<p>Els alumnes de 1r d\u2019ESO de l\u2019Institut del Voltregan\u00e8s hem tingut l\u2019oportunitat de participar en la campanya de sensibilitzaci\u00f3 i divulgaci\u00f3: &#8220;Apropa\u2019t al m\u00f3n del llop\u201d.<br \/>\nL\u2019activitat ha consistit en dues sessions, la primera d\u2019elles al mateix institut, i la segona a l\u2019escola de natura Can Lleonart, ubicada al Parc Natural del Montseny.<br \/>\nEl dimarts dia 14, a l\u2019aula, els alumnes vam aprendre aspectes de la biologia i ecologia del llop, i v\u00e0rem reflexionar sobre la relaci\u00f3 hist\u00f2rica dels humans i els llops, mitjan\u00e7ant una s\u00e8rie de jocs i activitats d\u2019all\u00f2 m\u00e9s distretes.<br \/>\nEl divendres dia 16 de mar\u00e7 ens vam despla\u00e7ar fins al Montseny per a fer un joc de pistes pel bosc, tot buscant rastres i petjades del llop, i sobre tot per a poder con\u00e8ixer la Lupus, una lloba de quatre mesos que est\u00e0 socialitzada i que ens va permetre observar i aprendre m\u00e9s coses en primer persona sobre aquest apassionant animal i la seva problem\u00e0tica de conservaci\u00f3.<br \/>\nEns va quedar clar que si volem un llop domesticat ens hem de comprar o millor adoptar un gos.<br \/>\n<a href=\"https:\/\/photos.app.goo.gl\/9Ng1Clz8UegAedB63\" target=\"_blank\" rel=\"noopener noreferrer\"><img loading=\"lazy\" decoding=\"async\" class=\"aligncenter wp-image-2900 size-medium\" src=\"http:\/\/agora.xtec.cat\/iesdelvoltreganes\/wp-content\/uploads\/usu618\/2018\/03\/bo-300x169.jpg\" alt=\"\" width=\"300\" height=\"169\" srcset=\"https:\/\/agora.xtec.cat\/iesdelvoltreganes\/wp-content\/uploads\/usu618\/2018\/03\/bo-300x169.jpg 300w, https:\/\/agora.xtec.cat\/iesdelvoltreganes\/wp-content\/uploads\/usu618\/2018\/03\/bo-768x432.jpg 768w, https:\/\/agora.xtec.cat\/iesdelvoltreganes\/wp-content\/uploads\/usu618\/2018\/03\/bo-1024x576.jpg 1024w, https:\/\/agora.xtec.cat\/iesdelvoltreganes\/wp-content\/uploads\/usu618\/2018\/03\/bo.jpg 1328w\" sizes=\"auto, (max-width: 300px) 100vw, 300px\" \/><\/a><\/p>\n","protected":false},"excerpt":{"rendered":"<p>Els alumnes de 1r d\u2019ESO de l\u2019Institut del Voltregan\u00e8s hem tingut l\u2019oportunitat de participar en la campanya de sensibilitzaci\u00f3 i divulgaci\u00f3: &#8220;Apropa\u2019t al m\u00f3n del llop\u201d.<br \/>\nL\u2019activitat ha consistit en dues sessions, la primera d\u2019elles al mateix institut, i la segona a l\u2019escola de natura Can&hellip;  <a href=\"https:\/\/agora.xtec.cat\/iesdelvoltreganes\/general\/campanya-de-sensibilitzacio-i-divulgacio-apropat-al-mon-del-llop\/\" title=\"Read Campanya de sensibilitzaci\u00f3 i divulgaci\u00f3 &#8220;Apropa\u2019t al m\u00f3n del llop\u201d\">Llegeix m\u00e9s\u00bb<\/a><\/p>\n","protected":false},"author":6,"featured_media":0,"comment_status":"closed","ping_status":"closed","sticky":false,"template":"","format":"standard","meta":{"_bbp_topic_count":0,"_bbp_reply_count":0,"_bbp_total_topic_count":0,"_bbp_total_reply_count":0,"_bbp_voice_count":0,"_bbp_anonymous_reply_count":0,"_bbp_topic_count_hidden":0,"_bbp_reply_count_hidden":0,"_bbp_forum_subforum_count":0,"footnotes":""},"categories":[65,4,1,29],"tags":[39],"class_list":["post-2899","post","type-post","status-publish","format-standard","hentry","category-ciencies-experimentals","category-eso-1","category-general","category-portada","tag-sortides"],"post_mailing_queue_ids":[],"_links":{"self":[{"href":"https:\/\/agora.xtec.cat\/iesdelvoltreganes\/wp-json\/wp\/v2\/posts\/2899","targetHints":{"allow":["GET"]}}],"collection":[{"href":"https:\/\/agora.xtec.cat\/iesdelvoltreganes\/wp-json\/wp\/v2\/posts"}],"about":[{"href":"https:\/\/agora.xtec.cat\/iesdelvoltreganes\/wp-json\/wp\/v2\/types\/post"}],"author":[{"embeddable":true,"href":"https:\/\/agora.xtec.cat\/iesdelvoltreganes\/wp-json\/wp\/v2\/users\/6"}],"replies":[{"embeddable":true,"href":"https:\/\/agora.xtec.cat\/iesdelvoltreganes\/wp-json\/wp\/v2\/comments?post=2899"}],"version-history":[{"count":2,"href":"https:\/\/agora.xtec.cat\/iesdelvoltreganes\/wp-json\/wp\/v2\/posts\/2899\/revisions"}],"predecessor-version":[{"id":3046,"href":"https:\/\/agora.xtec.cat\/iesdelvoltreganes\/wp-json\/wp\/v2\/posts\/2899\/revisions\/3046"}],"wp:attachment":[{"href":"https:\/\/agora.xtec.cat\/iesdelvoltreganes\/wp-json\/wp\/v2\/media?parent=2899"}],"wp:term":[{"taxonomy":"category","embeddable":true,"href":"https:\/\/agora.xtec.cat\/iesdelvoltreganes\/wp-json\/wp\/v2\/categories?post=2899"},{"taxonomy":"post_tag","embeddable":true,"href":"https:\/\/agora.xtec.cat\/iesdelvoltreganes\/wp-json\/wp\/v2\/tags?post=2899"}],"curies":[{"name":"wp","href":"https:\/\/api.w.org\/{rel}","templated":true}]}}