{"id":2895,"date":"2018-03-18T10:19:16","date_gmt":"2018-03-18T09:19:16","guid":{"rendered":"http:\/\/agora.xtec.cat\/iesdelvoltreganes\/?p=2895"},"modified":"2018-04-06T09:34:22","modified_gmt":"2018-04-06T07:34:22","slug":"premi-coca-cola","status":"publish","type":"post","link":"https:\/\/agora.xtec.cat\/iesdelvoltreganes\/general\/premi-coca-cola\/","title":{"rendered":"Premi Coca-Cola"},"content":{"rendered":"<p>Un any m\u00e9s, aquest dissabte 17 de mar\u00e7, l\u2019institut Cirvi\u00e0num ha acollit els participants a la 41a edici\u00f3 del Premi Coca-Cola de relat breu de Catalunya. Gaireb\u00e9 una vintena d\u2019alumnes de centres de tota la comarca hi han participat, vuit dels quals s\u00f3n alumnes de 2n d\u2019ESO del nostre centre.<br \/>\n<a href=\"http:\/\/agora.xtec.cat\/iesdelvoltreganes\/wp-content\/uploads\/usu618\/2018\/03\/WhatsApp-Image-2018-03-17-at-15.37.21.jpeg\"><img loading=\"lazy\" decoding=\"async\" class=\"size-medium wp-image-2896 aligncenter\" src=\"http:\/\/agora.xtec.cat\/iesdelvoltreganes\/wp-content\/uploads\/usu618\/2018\/03\/WhatsApp-Image-2018-03-17-at-15.37.21-300x169.jpeg\" alt=\"\" width=\"300\" height=\"169\" srcset=\"https:\/\/agora.xtec.cat\/iesdelvoltreganes\/wp-content\/uploads\/usu618\/2018\/03\/WhatsApp-Image-2018-03-17-at-15.37.21-300x169.jpeg 300w, https:\/\/agora.xtec.cat\/iesdelvoltreganes\/wp-content\/uploads\/usu618\/2018\/03\/WhatsApp-Image-2018-03-17-at-15.37.21-768x432.jpeg 768w, https:\/\/agora.xtec.cat\/iesdelvoltreganes\/wp-content\/uploads\/usu618\/2018\/03\/WhatsApp-Image-2018-03-17-at-15.37.21-1024x576.jpeg 1024w, https:\/\/agora.xtec.cat\/iesdelvoltreganes\/wp-content\/uploads\/usu618\/2018\/03\/WhatsApp-Image-2018-03-17-at-15.37.21.jpeg 1600w\" sizes=\"auto, (max-width: 300px) 100vw, 300px\" \/><\/a><\/p>\n","protected":false},"excerpt":{"rendered":"<p>Un any m\u00e9s, aquest dissabte 17 de mar\u00e7, l\u2019institut Cirvi\u00e0num ha acollit els participants a la 41a edici\u00f3 del Premi Coca-Cola de relat breu de Catalunya. Gaireb\u00e9 una vintena d\u2019alumnes de centres de tota la comarca hi han participat, vuit dels quals s\u00f3n alumnes de&hellip;  <a href=\"https:\/\/agora.xtec.cat\/iesdelvoltreganes\/general\/premi-coca-cola\/\" title=\"Read Premi Coca-Cola\">Llegeix m\u00e9s\u00bb<\/a><\/p>\n","protected":false},"author":6,"featured_media":0,"comment_status":"closed","ping_status":"closed","sticky":false,"template":"","format":"standard","meta":{"_bbp_topic_count":0,"_bbp_reply_count":0,"_bbp_total_topic_count":0,"_bbp_total_reply_count":0,"_bbp_voice_count":0,"_bbp_anonymous_reply_count":0,"_bbp_topic_count_hidden":0,"_bbp_reply_count_hidden":0,"_bbp_forum_subforum_count":0,"footnotes":""},"categories":[5,1,72,29],"tags":[],"class_list":["post-2895","post","type-post","status-publish","format-standard","hentry","category-eso-2","category-general","category-llengues-i-literatura","category-portada"],"post_mailing_queue_ids":[],"_links":{"self":[{"href":"https:\/\/agora.xtec.cat\/iesdelvoltreganes\/wp-json\/wp\/v2\/posts\/2895","targetHints":{"allow":["GET"]}}],"collection":[{"href":"https:\/\/agora.xtec.cat\/iesdelvoltreganes\/wp-json\/wp\/v2\/posts"}],"about":[{"href":"https:\/\/agora.xtec.cat\/iesdelvoltreganes\/wp-json\/wp\/v2\/types\/post"}],"author":[{"embeddable":true,"href":"https:\/\/agora.xtec.cat\/iesdelvoltreganes\/wp-json\/wp\/v2\/users\/6"}],"replies":[{"embeddable":true,"href":"https:\/\/agora.xtec.cat\/iesdelvoltreganes\/wp-json\/wp\/v2\/comments?post=2895"}],"version-history":[{"count":3,"href":"https:\/\/agora.xtec.cat\/iesdelvoltreganes\/wp-json\/wp\/v2\/posts\/2895\/revisions"}],"predecessor-version":[{"id":2902,"href":"https:\/\/agora.xtec.cat\/iesdelvoltreganes\/wp-json\/wp\/v2\/posts\/2895\/revisions\/2902"}],"wp:attachment":[{"href":"https:\/\/agora.xtec.cat\/iesdelvoltreganes\/wp-json\/wp\/v2\/media?parent=2895"}],"wp:term":[{"taxonomy":"category","embeddable":true,"href":"https:\/\/agora.xtec.cat\/iesdelvoltreganes\/wp-json\/wp\/v2\/categories?post=2895"},{"taxonomy":"post_tag","embeddable":true,"href":"https:\/\/agora.xtec.cat\/iesdelvoltreganes\/wp-json\/wp\/v2\/tags?post=2895"}],"curies":[{"name":"wp","href":"https:\/\/api.w.org\/{rel}","templated":true}]}}