{"id":2861,"date":"2018-03-16T10:02:40","date_gmt":"2018-03-16T09:02:40","guid":{"rendered":"http:\/\/agora.xtec.cat\/iesdelvoltreganes\/?p=2861"},"modified":"2018-03-19T10:04:39","modified_gmt":"2018-03-19T09:04:39","slug":"premi-llegim-ciencia-3","status":"publish","type":"post","link":"https:\/\/agora.xtec.cat\/iesdelvoltreganes\/general\/premi-llegim-ciencia-3\/","title":{"rendered":"Premi Llegim Ci\u00e8ncia"},"content":{"rendered":"<p>Aquest passat dimecres dia 21 de febrer de 2018, els alumnes de 4t d\u2019ESO que fem l\u2019assignatura optativa de f\u00edsica i qu\u00edmica, ens vam presentar al premi Llegim Ci\u00e8ncia, del qual l\u2019entrega de premis es va celebrar a l\u2019Universitat de Vic. En aquest concurs, es van presentar tres alumnes de l\u2019assignatura, i d\u2019aquests, la Laia Gu\u00e0rdia, va ser guanyadora d\u2019un acc\u00e8ssit.<br \/>\n<a href=\"http:\/\/agora.xtec.cat\/iesdelvoltreganes\/wp-content\/uploads\/usu618\/2018\/03\/premi-llegim-ci\u00e8ncia-acc\u00e8sit.jpg\"><img loading=\"lazy\" decoding=\"async\" src=\"http:\/\/agora.xtec.cat\/iesdelvoltreganes\/wp-content\/uploads\/usu618\/2018\/03\/premi-llegim-ci\u00e8ncia-acc\u00e8sit-300x199.jpg\" alt=\"\" width=\"300\" height=\"199\" class=\"alignnone size-medium wp-image-2864\" srcset=\"https:\/\/agora.xtec.cat\/iesdelvoltreganes\/wp-content\/uploads\/usu618\/2018\/03\/premi-llegim-ci\u00e8ncia-acc\u00e8sit-300x199.jpg 300w, https:\/\/agora.xtec.cat\/iesdelvoltreganes\/wp-content\/uploads\/usu618\/2018\/03\/premi-llegim-ci\u00e8ncia-acc\u00e8sit-768x509.jpg 768w, https:\/\/agora.xtec.cat\/iesdelvoltreganes\/wp-content\/uploads\/usu618\/2018\/03\/premi-llegim-ci\u00e8ncia-acc\u00e8sit-1024x678.jpg 1024w\" sizes=\"auto, (max-width: 300px) 100vw, 300px\" \/><\/a><\/p>\n<p><a href=\"http:\/\/agora.xtec.cat\/iesdelvoltreganes\/wp-content\/uploads\/usu618\/2018\/03\/premi-llegim-ci\u00e8ncia.jpg\"><img loading=\"lazy\" decoding=\"async\" src=\"http:\/\/agora.xtec.cat\/iesdelvoltreganes\/wp-content\/uploads\/usu618\/2018\/03\/premi-llegim-ci\u00e8ncia-300x199.jpg\" alt=\"\" width=\"300\" height=\"199\" class=\"alignnone size-medium wp-image-2865\" srcset=\"https:\/\/agora.xtec.cat\/iesdelvoltreganes\/wp-content\/uploads\/usu618\/2018\/03\/premi-llegim-ci\u00e8ncia-300x199.jpg 300w, https:\/\/agora.xtec.cat\/iesdelvoltreganes\/wp-content\/uploads\/usu618\/2018\/03\/premi-llegim-ci\u00e8ncia-768x509.jpg 768w, https:\/\/agora.xtec.cat\/iesdelvoltreganes\/wp-content\/uploads\/usu618\/2018\/03\/premi-llegim-ci\u00e8ncia-1024x678.jpg 1024w\" sizes=\"auto, (max-width: 300px) 100vw, 300px\" \/><\/a><\/p>\n","protected":false},"excerpt":{"rendered":"<p>Aquest passat dimecres dia 21 de febrer de 2018, els alumnes de 4t d\u2019ESO que fem l\u2019assignatura optativa de f\u00edsica i qu\u00edmica, ens vam presentar al premi Llegim Ci\u00e8ncia, del qual l\u2019entrega de premis es va celebrar a l\u2019Universitat de Vic. En aquest concurs, es&hellip;  <a href=\"https:\/\/agora.xtec.cat\/iesdelvoltreganes\/general\/premi-llegim-ciencia-3\/\" title=\"Read Premi Llegim Ci\u00e8ncia\">Llegeix m\u00e9s\u00bb<\/a><\/p>\n","protected":false},"author":6,"featured_media":0,"comment_status":"closed","ping_status":"closed","sticky":false,"template":"","format":"standard","meta":{"_bbp_topic_count":0,"_bbp_reply_count":0,"_bbp_total_topic_count":0,"_bbp_total_reply_count":0,"_bbp_voice_count":0,"_bbp_anonymous_reply_count":0,"_bbp_topic_count_hidden":0,"_bbp_reply_count_hidden":0,"_bbp_forum_subforum_count":0,"footnotes":""},"categories":[65,81,7,1,29],"tags":[82],"class_list":["post-2861","post","type-post","status-publish","format-standard","hentry","category-ciencies-experimentals","category-llibres-recomanats","category-eso-4","category-general","category-portada","tag-llibres"],"post_mailing_queue_ids":[],"_links":{"self":[{"href":"https:\/\/agora.xtec.cat\/iesdelvoltreganes\/wp-json\/wp\/v2\/posts\/2861","targetHints":{"allow":["GET"]}}],"collection":[{"href":"https:\/\/agora.xtec.cat\/iesdelvoltreganes\/wp-json\/wp\/v2\/posts"}],"about":[{"href":"https:\/\/agora.xtec.cat\/iesdelvoltreganes\/wp-json\/wp\/v2\/types\/post"}],"author":[{"embeddable":true,"href":"https:\/\/agora.xtec.cat\/iesdelvoltreganes\/wp-json\/wp\/v2\/users\/6"}],"replies":[{"embeddable":true,"href":"https:\/\/agora.xtec.cat\/iesdelvoltreganes\/wp-json\/wp\/v2\/comments?post=2861"}],"version-history":[{"count":3,"href":"https:\/\/agora.xtec.cat\/iesdelvoltreganes\/wp-json\/wp\/v2\/posts\/2861\/revisions"}],"predecessor-version":[{"id":2866,"href":"https:\/\/agora.xtec.cat\/iesdelvoltreganes\/wp-json\/wp\/v2\/posts\/2861\/revisions\/2866"}],"wp:attachment":[{"href":"https:\/\/agora.xtec.cat\/iesdelvoltreganes\/wp-json\/wp\/v2\/media?parent=2861"}],"wp:term":[{"taxonomy":"category","embeddable":true,"href":"https:\/\/agora.xtec.cat\/iesdelvoltreganes\/wp-json\/wp\/v2\/categories?post=2861"},{"taxonomy":"post_tag","embeddable":true,"href":"https:\/\/agora.xtec.cat\/iesdelvoltreganes\/wp-json\/wp\/v2\/tags?post=2861"}],"curies":[{"name":"wp","href":"https:\/\/api.w.org\/{rel}","templated":true}]}}