{"id":2858,"date":"2018-03-17T10:04:17","date_gmt":"2018-03-17T09:04:17","guid":{"rendered":"http:\/\/agora.xtec.cat\/iesdelvoltreganes\/?p=2858"},"modified":"2018-03-20T19:17:35","modified_gmt":"2018-03-20T18:17:35","slug":"els-de-literatura-universal-de-llibreries","status":"publish","type":"post","link":"https:\/\/agora.xtec.cat\/iesdelvoltreganes\/general\/els-de-literatura-universal-de-llibreries\/","title":{"rendered":"Els de literatura universal, de llibreries"},"content":{"rendered":"<p>Divendres, 16 de mar\u00e7, a les 5 de la tarda, els alumnes de literatura universal de l\u2019institut van visitar la hist\u00f2rica llibreria Anglada de Vic, on el llibreter, la cinquena generaci\u00f3 del negoci establert com a impremta el 1828, els va fer una explicaci\u00f3 in situ de la hist\u00f2ria de l\u2019establiment des de la Renaixen\u00e7a en\u00e7\u00e0 i del negoci llibreter, del qual va dir que al segle XXI ha d\u2019especialitzar-se com a agent cultural i oferir un servei de prescripci\u00f3\/recomanaci\u00f3 als lectors.<br \/>\n<a href=\"http:\/\/agora.xtec.cat\/iesdelvoltreganes\/wp-content\/uploads\/usu618\/2018\/03\/IMG_7259.jpg\"><img loading=\"lazy\" decoding=\"async\" class=\"size-medium wp-image-2859 aligncenter\" src=\"http:\/\/agora.xtec.cat\/iesdelvoltreganes\/wp-content\/uploads\/usu618\/2018\/03\/IMG_7259-300x225.jpg\" alt=\"\" width=\"300\" height=\"225\" srcset=\"https:\/\/agora.xtec.cat\/iesdelvoltreganes\/wp-content\/uploads\/usu618\/2018\/03\/IMG_7259-300x225.jpg 300w, https:\/\/agora.xtec.cat\/iesdelvoltreganes\/wp-content\/uploads\/usu618\/2018\/03\/IMG_7259-768x576.jpg 768w, https:\/\/agora.xtec.cat\/iesdelvoltreganes\/wp-content\/uploads\/usu618\/2018\/03\/IMG_7259-1024x768.jpg 1024w, https:\/\/agora.xtec.cat\/iesdelvoltreganes\/wp-content\/uploads\/usu618\/2018\/03\/IMG_7259-200x150.jpg 200w, https:\/\/agora.xtec.cat\/iesdelvoltreganes\/wp-content\/uploads\/usu618\/2018\/03\/IMG_7259.jpg 2016w\" sizes=\"auto, (max-width: 300px) 100vw, 300px\" \/><\/a><\/p>\n","protected":false},"excerpt":{"rendered":"<p>Divendres, 16 de mar\u00e7, a les 5 de la tarda, els alumnes de literatura universal de l\u2019institut van visitar la hist\u00f2rica llibreria Anglada de Vic, on el llibreter, la cinquena generaci\u00f3 del negoci establert com a impremta el 1828, els va fer una explicaci\u00f3 in&hellip;  <a href=\"https:\/\/agora.xtec.cat\/iesdelvoltreganes\/general\/els-de-literatura-universal-de-llibreries\/\" title=\"Read Els de literatura universal, de llibreries\">Llegeix m\u00e9s\u00bb<\/a><\/p>\n","protected":false},"author":6,"featured_media":0,"comment_status":"closed","ping_status":"closed","sticky":false,"template":"","format":"standard","meta":{"_bbp_topic_count":0,"_bbp_reply_count":0,"_bbp_total_topic_count":0,"_bbp_total_reply_count":0,"_bbp_voice_count":0,"_bbp_anonymous_reply_count":0,"_bbp_topic_count_hidden":0,"_bbp_reply_count_hidden":0,"_bbp_forum_subforum_count":0,"footnotes":""},"categories":[8,1,72,29],"tags":[],"class_list":["post-2858","post","type-post","status-publish","format-standard","hentry","category-batxillerat","category-general","category-llengues-i-literatura","category-portada"],"post_mailing_queue_ids":[],"_links":{"self":[{"href":"https:\/\/agora.xtec.cat\/iesdelvoltreganes\/wp-json\/wp\/v2\/posts\/2858","targetHints":{"allow":["GET"]}}],"collection":[{"href":"https:\/\/agora.xtec.cat\/iesdelvoltreganes\/wp-json\/wp\/v2\/posts"}],"about":[{"href":"https:\/\/agora.xtec.cat\/iesdelvoltreganes\/wp-json\/wp\/v2\/types\/post"}],"author":[{"embeddable":true,"href":"https:\/\/agora.xtec.cat\/iesdelvoltreganes\/wp-json\/wp\/v2\/users\/6"}],"replies":[{"embeddable":true,"href":"https:\/\/agora.xtec.cat\/iesdelvoltreganes\/wp-json\/wp\/v2\/comments?post=2858"}],"version-history":[{"count":2,"href":"https:\/\/agora.xtec.cat\/iesdelvoltreganes\/wp-json\/wp\/v2\/posts\/2858\/revisions"}],"predecessor-version":[{"id":2894,"href":"https:\/\/agora.xtec.cat\/iesdelvoltreganes\/wp-json\/wp\/v2\/posts\/2858\/revisions\/2894"}],"wp:attachment":[{"href":"https:\/\/agora.xtec.cat\/iesdelvoltreganes\/wp-json\/wp\/v2\/media?parent=2858"}],"wp:term":[{"taxonomy":"category","embeddable":true,"href":"https:\/\/agora.xtec.cat\/iesdelvoltreganes\/wp-json\/wp\/v2\/categories?post=2858"},{"taxonomy":"post_tag","embeddable":true,"href":"https:\/\/agora.xtec.cat\/iesdelvoltreganes\/wp-json\/wp\/v2\/tags?post=2858"}],"curies":[{"name":"wp","href":"https:\/\/api.w.org\/{rel}","templated":true}]}}