{"id":2833,"date":"2018-03-13T10:02:20","date_gmt":"2018-03-13T09:02:20","guid":{"rendered":"http:\/\/agora.xtec.cat\/iesdelvoltreganes\/?p=2833"},"modified":"2018-03-16T08:34:15","modified_gmt":"2018-03-16T07:34:15","slug":"xerrada-de-lescriptor-lluis-llort-a-linstitut","status":"publish","type":"post","link":"https:\/\/agora.xtec.cat\/iesdelvoltreganes\/general\/xerrada-de-lescriptor-lluis-llort-a-linstitut\/","title":{"rendered":"Xerrada de l\u2019escriptor Llu\u00eds Llort a l\u2019institut"},"content":{"rendered":"<p>Aquest 20 de febrer va venir a fer una xerrada al centre als alumnes del batxillerat social-human\u00edstic, l\u2019escriptor i periodista d\u2019<em>El Punt Avui<\/em>, Llu\u00eds LLort. M\u00e9s conegut en els seus llibres de novel\u00b7la negra com a Llort i, en els infantils i juvenils com Lewis York.<br \/>\nPer comen\u00e7ar, els va explicar per quina ra\u00f3 va decidir escriure llibres. Com que de jove havia\u00a0patit una dosificaci\u00f3 al nervi de l\u2019orella esquerra ja no podia seguir tocant m\u00fasica, i com que\u00a0aquesta li servia per expressar els seus sentiments i frustracions va haver de buscar una\u00a0alternativa, i aquesta va ser la literatura. Seguidament, els va explicar com va viure cadascun\u00a0dels llibres que ell va catalogar de m\u00e9s importants a la seva obra, com per exemple<em>\u00a0\u00a0<\/em><em>Sota l&#8217;asfalt, Si quan et donen\u00a0<\/em><em>per mort un dia tornes <\/em>o<em> Male\u00eft Monju\u00efc.\u00a0<\/em>D\u2019aquest, va dir que va introduir a l\u2019argument tants personatges que al final els havia de portar documentats en un altre paper, ja\u00a0que no donava a l\u2019abast fent-ho de cap, i que tot i aix\u00ed va fer errors argumentals.<br \/>\nAl final, com a detall ens va deixar uns llibres signats per ell: <em>Camale\u00f3<\/em>, <em>No n&#8217;estiguis tan segur<\/em>&#8230;<\/p>\n<figure class=\"figure wp-caption aligncenter\"><a href=\"http:\/\/agora.xtec.cat\/iesdelvoltreganes\/wp-content\/uploads\/usu618\/2018\/03\/Llu\u00eds-Llort.-Foto-Adri\u00e0-Costa-Naci\u00f3digital..jpg\"><img loading=\"lazy\" decoding=\"async\" class=\"wp-image-2834 size-medium\" src=\"http:\/\/agora.xtec.cat\/iesdelvoltreganes\/wp-content\/uploads\/usu618\/2018\/03\/Llu\u00eds-Llort.-Foto-Adri\u00e0-Costa-Naci\u00f3digital.-300x200.jpg\" alt=\"\" width=\"300\" height=\"200\" srcset=\"https:\/\/agora.xtec.cat\/iesdelvoltreganes\/wp-content\/uploads\/usu618\/2018\/03\/Llu\u00eds-Llort.-Foto-Adri\u00e0-Costa-Naci\u00f3digital.-300x200.jpg 300w, https:\/\/agora.xtec.cat\/iesdelvoltreganes\/wp-content\/uploads\/usu618\/2018\/03\/Llu\u00eds-Llort.-Foto-Adri\u00e0-Costa-Naci\u00f3digital..jpg 576w\" sizes=\"auto, (max-width: 300px) 100vw, 300px\" \/><\/a><figcaption class=\"wp-caption-text\">Llu\u00eds Llort. Foto: Adri\u00e0 Costa\/Naciodigital<\/figcaption><\/figure>\n<p>&nbsp;<\/p>\n","protected":false},"excerpt":{"rendered":"<p>Aquest 20 de febrer va venir a fer una xerrada al centre als alumnes del batxillerat social-human\u00edstic, l\u2019escriptor i periodista d\u2019El Punt Avui, Llu\u00eds LLort. M\u00e9s conegut en els seus llibres de novel\u00b7la negra com a Llort i, en els infantils i juvenils com Lewis&hellip;  <a href=\"https:\/\/agora.xtec.cat\/iesdelvoltreganes\/general\/xerrada-de-lescriptor-lluis-llort-a-linstitut\/\" title=\"Read Xerrada de l\u2019escriptor Llu\u00eds Llort a l\u2019institut\">Llegeix m\u00e9s\u00bb<\/a><\/p>\n","protected":false},"author":6,"featured_media":0,"comment_status":"closed","ping_status":"closed","sticky":false,"template":"","format":"standard","meta":{"_bbp_topic_count":0,"_bbp_reply_count":0,"_bbp_total_topic_count":0,"_bbp_total_reply_count":0,"_bbp_voice_count":0,"_bbp_anonymous_reply_count":0,"_bbp_topic_count_hidden":0,"_bbp_reply_count_hidden":0,"_bbp_forum_subforum_count":0,"footnotes":""},"categories":[8,1,72,29],"tags":[82],"class_list":["post-2833","post","type-post","status-publish","format-standard","hentry","category-batxillerat","category-general","category-llengues-i-literatura","category-portada","tag-llibres"],"post_mailing_queue_ids":[],"_links":{"self":[{"href":"https:\/\/agora.xtec.cat\/iesdelvoltreganes\/wp-json\/wp\/v2\/posts\/2833","targetHints":{"allow":["GET"]}}],"collection":[{"href":"https:\/\/agora.xtec.cat\/iesdelvoltreganes\/wp-json\/wp\/v2\/posts"}],"about":[{"href":"https:\/\/agora.xtec.cat\/iesdelvoltreganes\/wp-json\/wp\/v2\/types\/post"}],"author":[{"embeddable":true,"href":"https:\/\/agora.xtec.cat\/iesdelvoltreganes\/wp-json\/wp\/v2\/users\/6"}],"replies":[{"embeddable":true,"href":"https:\/\/agora.xtec.cat\/iesdelvoltreganes\/wp-json\/wp\/v2\/comments?post=2833"}],"version-history":[{"count":3,"href":"https:\/\/agora.xtec.cat\/iesdelvoltreganes\/wp-json\/wp\/v2\/posts\/2833\/revisions"}],"predecessor-version":[{"id":2851,"href":"https:\/\/agora.xtec.cat\/iesdelvoltreganes\/wp-json\/wp\/v2\/posts\/2833\/revisions\/2851"}],"wp:attachment":[{"href":"https:\/\/agora.xtec.cat\/iesdelvoltreganes\/wp-json\/wp\/v2\/media?parent=2833"}],"wp:term":[{"taxonomy":"category","embeddable":true,"href":"https:\/\/agora.xtec.cat\/iesdelvoltreganes\/wp-json\/wp\/v2\/categories?post=2833"},{"taxonomy":"post_tag","embeddable":true,"href":"https:\/\/agora.xtec.cat\/iesdelvoltreganes\/wp-json\/wp\/v2\/tags?post=2833"}],"curies":[{"name":"wp","href":"https:\/\/api.w.org\/{rel}","templated":true}]}}