{"id":2803,"date":"2018-03-08T13:15:44","date_gmt":"2018-03-08T12:15:44","guid":{"rendered":"http:\/\/agora.xtec.cat\/iesdelvoltreganes\/?p=2803"},"modified":"2018-03-19T15:30:04","modified_gmt":"2018-03-19T14:30:04","slug":"8-de-marc-dia-de-la-dona","status":"publish","type":"post","link":"https:\/\/agora.xtec.cat\/iesdelvoltreganes\/general\/8-de-marc-dia-de-la-dona\/","title":{"rendered":"Dia Internacional de les Dones"},"content":{"rendered":"<p style=\"text-align: center;\"><a href=\"https:\/\/photos.app.goo.gl\/2FxSaweBUNBehKeH2\" target=\"_blank\" rel=\"noopener noreferrer\"><img loading=\"lazy\" decoding=\"async\" class=\"alignnone wp-image-2820 size-medium\" src=\"http:\/\/agora.xtec.cat\/iesdelvoltreganes\/wp-content\/uploads\/usu618\/2018\/03\/DSC_1080-300x199.jpg\" alt=\"\" width=\"300\" height=\"199\" srcset=\"https:\/\/agora.xtec.cat\/iesdelvoltreganes\/wp-content\/uploads\/usu618\/2018\/03\/DSC_1080-300x199.jpg 300w, https:\/\/agora.xtec.cat\/iesdelvoltreganes\/wp-content\/uploads\/usu618\/2018\/03\/DSC_1080-768x511.jpg 768w, https:\/\/agora.xtec.cat\/iesdelvoltreganes\/wp-content\/uploads\/usu618\/2018\/03\/DSC_1080-1024x681.jpg 1024w, https:\/\/agora.xtec.cat\/iesdelvoltreganes\/wp-content\/uploads\/usu618\/2018\/03\/DSC_1080.jpg 1504w\" sizes=\"auto, (max-width: 300px) 100vw, 300px\" \/><\/a><\/p>\n<div style=\"max-width: 854px;\">\n<div style=\"position: relative; height: 0; padding-bottom: 56.25%;\"><iframe loading=\"lazy\" style=\"position: absolute; left: 0; top: 0; width: 90%; height: 90%;\" src=\"https:\/\/embed.ted.com\/talks\/chimamanda_ngozi_adichie_we_should_all_be_feminists\" width=\"554\" height=\"280\" frameborder=\"0\" scrolling=\"no\" allowfullscreen=\"allowfullscreen\"><\/iframe><\/div>\n<p style=\"position: relative; height: 0; padding-bottom: 56.25%;\">Els alumnes de batxillerat tecnol\u00f2gic han mirat el v\u00eddeo de la confer\u00e8ncia de l&#8217;escriptora Chimamanda Ngozi Adichie sobre feminisme. I els alumnes de 4t d&#8217;ESO han treballat els s\u00edmbols feministes i el perqu\u00e8 el dia 8 de mar\u00e7 \u00e9s el dia de la dona.<\/p>\n<p style=\"position: relative; height: 0; padding-bottom: 56.25%;\">\n<\/div>\n","protected":false},"excerpt":{"rendered":"<p><a href=\"https:\/\/photos.app.goo.gl\/2FxSaweBUNBehKeH2\" target=\"_blank\" rel=\"noopener noreferrer\"><\/a><\/p>\n<p>Els alumnes de batxillerat tecnol\u00f2gic han mirat el v\u00eddeo de la confer\u00e8ncia de l&#8217;escriptora Chimamanda Ngozi Adichie sobre feminisme. I els alumnes de 4t d&#8217;ESO han treballat els s\u00edmbols feministes i el perqu\u00e8 el dia 8 de mar\u00e7 \u00e9s el dia&hellip;  <a href=\"https:\/\/agora.xtec.cat\/iesdelvoltreganes\/general\/8-de-marc-dia-de-la-dona\/\" title=\"Read Dia Internacional de les Dones\">Llegeix m\u00e9s\u00bb<\/a><\/p>\n","protected":false},"author":6,"featured_media":0,"comment_status":"closed","ping_status":"closed","sticky":false,"template":"","format":"standard","meta":{"_bbp_topic_count":0,"_bbp_reply_count":0,"_bbp_total_topic_count":0,"_bbp_total_reply_count":0,"_bbp_voice_count":0,"_bbp_anonymous_reply_count":0,"_bbp_topic_count_hidden":0,"_bbp_reply_count_hidden":0,"_bbp_forum_subforum_count":0,"footnotes":""},"categories":[1,29],"tags":[],"class_list":["post-2803","post","type-post","status-publish","format-standard","hentry","category-general","category-portada"],"post_mailing_queue_ids":[],"_links":{"self":[{"href":"https:\/\/agora.xtec.cat\/iesdelvoltreganes\/wp-json\/wp\/v2\/posts\/2803","targetHints":{"allow":["GET"]}}],"collection":[{"href":"https:\/\/agora.xtec.cat\/iesdelvoltreganes\/wp-json\/wp\/v2\/posts"}],"about":[{"href":"https:\/\/agora.xtec.cat\/iesdelvoltreganes\/wp-json\/wp\/v2\/types\/post"}],"author":[{"embeddable":true,"href":"https:\/\/agora.xtec.cat\/iesdelvoltreganes\/wp-json\/wp\/v2\/users\/6"}],"replies":[{"embeddable":true,"href":"https:\/\/agora.xtec.cat\/iesdelvoltreganes\/wp-json\/wp\/v2\/comments?post=2803"}],"version-history":[{"count":3,"href":"https:\/\/agora.xtec.cat\/iesdelvoltreganes\/wp-json\/wp\/v2\/posts\/2803\/revisions"}],"predecessor-version":[{"id":2827,"href":"https:\/\/agora.xtec.cat\/iesdelvoltreganes\/wp-json\/wp\/v2\/posts\/2803\/revisions\/2827"}],"wp:attachment":[{"href":"https:\/\/agora.xtec.cat\/iesdelvoltreganes\/wp-json\/wp\/v2\/media?parent=2803"}],"wp:term":[{"taxonomy":"category","embeddable":true,"href":"https:\/\/agora.xtec.cat\/iesdelvoltreganes\/wp-json\/wp\/v2\/categories?post=2803"},{"taxonomy":"post_tag","embeddable":true,"href":"https:\/\/agora.xtec.cat\/iesdelvoltreganes\/wp-json\/wp\/v2\/tags?post=2803"}],"curies":[{"name":"wp","href":"https:\/\/api.w.org\/{rel}","templated":true}]}}