{"id":2754,"date":"2018-02-17T13:18:40","date_gmt":"2018-02-17T12:18:40","guid":{"rendered":"http:\/\/agora.xtec.cat\/iesdelvoltreganes\/?p=2754"},"modified":"2018-02-19T12:46:12","modified_gmt":"2018-02-19T11:46:12","slug":"2018-any-feynman","status":"publish","type":"post","link":"https:\/\/agora.xtec.cat\/iesdelvoltreganes\/general\/2018-any-feynman\/","title":{"rendered":"2018 Any Feynman"},"content":{"rendered":"<p><a href=\"https:\/\/photos.app.goo.gl\/MEeCdaxLE05KTdj43\" target=\"_blank\" rel=\"noopener noreferrer\"><img loading=\"lazy\" decoding=\"async\" class=\"alignnone wp-image-2756 size-medium\" src=\"http:\/\/agora.xtec.cat\/iesdelvoltreganes\/wp-content\/uploads\/usu618\/2018\/02\/DSC_1059-e1518869269202-200x300.jpg\" alt=\"\" width=\"200\" height=\"300\" srcset=\"https:\/\/agora.xtec.cat\/iesdelvoltreganes\/wp-content\/uploads\/usu618\/2018\/02\/DSC_1059-e1518869269202-200x300.jpg 200w, https:\/\/agora.xtec.cat\/iesdelvoltreganes\/wp-content\/uploads\/usu618\/2018\/02\/DSC_1059-e1518869269202-768x1154.jpg 768w, https:\/\/agora.xtec.cat\/iesdelvoltreganes\/wp-content\/uploads\/usu618\/2018\/02\/DSC_1059-e1518869269202-681x1024.jpg 681w, https:\/\/agora.xtec.cat\/iesdelvoltreganes\/wp-content\/uploads\/usu618\/2018\/02\/DSC_1059-e1518869269202.jpg 1000w\" sizes=\"auto, (max-width: 200px) 100vw, 200px\" \/><\/a><a href=\"http:\/\/agora.xtec.cat\/iesdelvoltreganes\/wp-content\/uploads\/usu618\/2018\/02\/DSC_1052.jpg\"><img loading=\"lazy\" decoding=\"async\" class=\"alignnone size-medium wp-image-2755\" src=\"http:\/\/agora.xtec.cat\/iesdelvoltreganes\/wp-content\/uploads\/usu618\/2018\/02\/DSC_1052-300x199.jpg\" alt=\"\" width=\"300\" height=\"199\" srcset=\"https:\/\/agora.xtec.cat\/iesdelvoltreganes\/wp-content\/uploads\/usu618\/2018\/02\/DSC_1052-300x199.jpg 300w, https:\/\/agora.xtec.cat\/iesdelvoltreganes\/wp-content\/uploads\/usu618\/2018\/02\/DSC_1052-768x511.jpg 768w, https:\/\/agora.xtec.cat\/iesdelvoltreganes\/wp-content\/uploads\/usu618\/2018\/02\/DSC_1052-1024x681.jpg 1024w, https:\/\/agora.xtec.cat\/iesdelvoltreganes\/wp-content\/uploads\/usu618\/2018\/02\/DSC_1052.jpg 1504w\" sizes=\"auto, (max-width: 300px) 100vw, 300px\" \/><\/a><br \/>\n<img loading=\"lazy\" decoding=\"async\" class=\"\" src=\"http:\/\/www.codigos-qr.com\/qr\/php\/qr_img.php?d=https%3A%2F%2Fdocs.google.com%2Fdocument%2Fd%2F1c6wZstNlgk4G1fptfjSJBL9ZQ0Y_gSo33h3eD_mOmU8%2Fedit%3Fusp%3Dsharing&amp;s=6&amp;e=m\" alt=\"Generador de C\u00f3digos QR Codes\" width=\"122\" height=\"122\" \/><\/p>\n<p>Ara el 2018 fa cent anys del naixement d&#8217;en Richard Feynman, un dels f\u00edsics m\u00e9s eminents del segle XX. Per fer-lo con\u00e8ixer als nostres alumnes hem muntat una petita exposici\u00f3. Els alumnes de 1r d&#8217;ESO han pintat el retrat d&#8217;en Feynman imitant l&#8217;estil de l&#8217;Andy Warhol. Hem comprat un c\u00f2mic sobre la vida d&#8217;en Feynman que podeu trobar a la biblioteca. A partir de dibuixos del c\u00f2mic i de petits textos hem fet una cronologia dels fets m\u00e9s rellevants de la vida d&#8217;en Feynman. Els alumnes hauran de respondre una colla de preguntes que trobaran la resposta a l&#8217;exposici\u00f3.<\/p>\n","protected":false},"excerpt":{"rendered":"<p><a href=\"https:\/\/photos.app.goo.gl\/MEeCdaxLE05KTdj43\" target=\"_blank\" rel=\"noopener noreferrer\"><\/a><a href=\"http:\/\/agora.xtec.cat\/iesdelvoltreganes\/wp-content\/uploads\/usu618\/2018\/02\/DSC_1052.jpg\"><\/a><\/p>\n<p>Ara el 2018 fa cent anys del naixement d&#8217;en Richard Feynman, un dels f\u00edsics m\u00e9s eminents del segle XX. Per fer-lo con\u00e8ixer als nostres alumnes hem muntat una petita exposici\u00f3. Els alumnes de 1r d&#8217;ESO han pintat el retrat d&#8217;en&hellip;  <a href=\"https:\/\/agora.xtec.cat\/iesdelvoltreganes\/general\/2018-any-feynman\/\" title=\"Read 2018 Any Feynman\">Llegeix m\u00e9s\u00bb<\/a><\/p>\n","protected":false},"author":6,"featured_media":0,"comment_status":"closed","ping_status":"closed","sticky":false,"template":"","format":"standard","meta":{"_bbp_topic_count":0,"_bbp_reply_count":0,"_bbp_total_topic_count":0,"_bbp_total_reply_count":0,"_bbp_voice_count":0,"_bbp_anonymous_reply_count":0,"_bbp_topic_count_hidden":0,"_bbp_reply_count_hidden":0,"_bbp_forum_subforum_count":0,"footnotes":""},"categories":[1,29,64],"tags":[],"class_list":["post-2754","post","type-post","status-publish","format-standard","hentry","category-general","category-portada","category-tecnologia"],"post_mailing_queue_ids":[],"_links":{"self":[{"href":"https:\/\/agora.xtec.cat\/iesdelvoltreganes\/wp-json\/wp\/v2\/posts\/2754","targetHints":{"allow":["GET"]}}],"collection":[{"href":"https:\/\/agora.xtec.cat\/iesdelvoltreganes\/wp-json\/wp\/v2\/posts"}],"about":[{"href":"https:\/\/agora.xtec.cat\/iesdelvoltreganes\/wp-json\/wp\/v2\/types\/post"}],"author":[{"embeddable":true,"href":"https:\/\/agora.xtec.cat\/iesdelvoltreganes\/wp-json\/wp\/v2\/users\/6"}],"replies":[{"embeddable":true,"href":"https:\/\/agora.xtec.cat\/iesdelvoltreganes\/wp-json\/wp\/v2\/comments?post=2754"}],"version-history":[{"count":3,"href":"https:\/\/agora.xtec.cat\/iesdelvoltreganes\/wp-json\/wp\/v2\/posts\/2754\/revisions"}],"predecessor-version":[{"id":2764,"href":"https:\/\/agora.xtec.cat\/iesdelvoltreganes\/wp-json\/wp\/v2\/posts\/2754\/revisions\/2764"}],"wp:attachment":[{"href":"https:\/\/agora.xtec.cat\/iesdelvoltreganes\/wp-json\/wp\/v2\/media?parent=2754"}],"wp:term":[{"taxonomy":"category","embeddable":true,"href":"https:\/\/agora.xtec.cat\/iesdelvoltreganes\/wp-json\/wp\/v2\/categories?post=2754"},{"taxonomy":"post_tag","embeddable":true,"href":"https:\/\/agora.xtec.cat\/iesdelvoltreganes\/wp-json\/wp\/v2\/tags?post=2754"}],"curies":[{"name":"wp","href":"https:\/\/api.w.org\/{rel}","templated":true}]}}