{"id":2731,"date":"2018-02-08T10:36:22","date_gmt":"2018-02-08T09:36:22","guid":{"rendered":"http:\/\/agora.xtec.cat\/iesdelvoltreganes\/?p=2731"},"modified":"2018-04-27T13:22:13","modified_gmt":"2018-04-27T11:22:13","slug":"ampolletes-de-perfum","status":"publish","type":"post","link":"https:\/\/agora.xtec.cat\/iesdelvoltreganes\/general\/ampolletes-de-perfum\/","title":{"rendered":"Ampolletes de perfum"},"content":{"rendered":"<p>Seguint el proc\u00e9s tecnol\u00f2gic els alumnes de 1r d\u2019ESO han dissenyat una ampolleta de perfum. Un cop definida la necessitat i especificades les condicions que ha de complir l\u2019ampolleta, els alumnes han buscat informaci\u00f3 i han recopilat idees. N\u2019han seleccionat la millor, han fet esbossos i l\u2019han dibuixat. Hem penjat els dissenys de les ampolletes al plaf\u00f3 del passad\u00eds de 1r. Els alumnes i els professors de 1r han escrit el n\u00famero del disseny que m\u00e9s els ha agradat en un paperet. Els premis han estat uns gossets clauer.<\/p>\n<p style=\"text-align: center;\"><a href=\"https:\/\/photos.app.goo.gl\/efdrllqxAUUXat4V2\" target=\"_blank\" rel=\"noopener noreferrer\"><img loading=\"lazy\" decoding=\"async\" class=\"alignnone wp-image-2735 size-medium\" src=\"http:\/\/agora.xtec.cat\/iesdelvoltreganes\/wp-content\/uploads\/usu618\/2018\/02\/DSC_0939-300x199.jpg\" alt=\"\" width=\"300\" height=\"199\" srcset=\"https:\/\/agora.xtec.cat\/iesdelvoltreganes\/wp-content\/uploads\/usu618\/2018\/02\/DSC_0939-300x199.jpg 300w, https:\/\/agora.xtec.cat\/iesdelvoltreganes\/wp-content\/uploads\/usu618\/2018\/02\/DSC_0939-768x511.jpg 768w, https:\/\/agora.xtec.cat\/iesdelvoltreganes\/wp-content\/uploads\/usu618\/2018\/02\/DSC_0939-1024x681.jpg 1024w, https:\/\/agora.xtec.cat\/iesdelvoltreganes\/wp-content\/uploads\/usu618\/2018\/02\/DSC_0939.jpg 1504w\" sizes=\"auto, (max-width: 300px) 100vw, 300px\" \/><\/a><\/p>\n","protected":false},"excerpt":{"rendered":"<p>Seguint el proc\u00e9s tecnol\u00f2gic els alumnes de 1r d\u2019ESO han dissenyat una ampolleta de perfum. Un cop definida la necessitat i especificades les condicions que ha de complir l\u2019ampolleta, els alumnes han buscat informaci\u00f3 i han recopilat idees. N\u2019han seleccionat la millor, han fet esbossos&hellip;  <a href=\"https:\/\/agora.xtec.cat\/iesdelvoltreganes\/general\/ampolletes-de-perfum\/\" title=\"Read Ampolletes de perfum\">Llegeix m\u00e9s\u00bb<\/a><\/p>\n","protected":false},"author":6,"featured_media":0,"comment_status":"closed","ping_status":"closed","sticky":false,"template":"","format":"standard","meta":{"_bbp_topic_count":0,"_bbp_reply_count":0,"_bbp_total_topic_count":0,"_bbp_total_reply_count":0,"_bbp_voice_count":0,"_bbp_anonymous_reply_count":0,"_bbp_topic_count_hidden":0,"_bbp_reply_count_hidden":0,"_bbp_forum_subforum_count":0,"footnotes":""},"categories":[4,1,64],"tags":[],"class_list":["post-2731","post","type-post","status-publish","format-standard","hentry","category-eso-1","category-general","category-tecnologia"],"post_mailing_queue_ids":[],"_links":{"self":[{"href":"https:\/\/agora.xtec.cat\/iesdelvoltreganes\/wp-json\/wp\/v2\/posts\/2731","targetHints":{"allow":["GET"]}}],"collection":[{"href":"https:\/\/agora.xtec.cat\/iesdelvoltreganes\/wp-json\/wp\/v2\/posts"}],"about":[{"href":"https:\/\/agora.xtec.cat\/iesdelvoltreganes\/wp-json\/wp\/v2\/types\/post"}],"author":[{"embeddable":true,"href":"https:\/\/agora.xtec.cat\/iesdelvoltreganes\/wp-json\/wp\/v2\/users\/6"}],"replies":[{"embeddable":true,"href":"https:\/\/agora.xtec.cat\/iesdelvoltreganes\/wp-json\/wp\/v2\/comments?post=2731"}],"version-history":[{"count":3,"href":"https:\/\/agora.xtec.cat\/iesdelvoltreganes\/wp-json\/wp\/v2\/posts\/2731\/revisions"}],"predecessor-version":[{"id":2998,"href":"https:\/\/agora.xtec.cat\/iesdelvoltreganes\/wp-json\/wp\/v2\/posts\/2731\/revisions\/2998"}],"wp:attachment":[{"href":"https:\/\/agora.xtec.cat\/iesdelvoltreganes\/wp-json\/wp\/v2\/media?parent=2731"}],"wp:term":[{"taxonomy":"category","embeddable":true,"href":"https:\/\/agora.xtec.cat\/iesdelvoltreganes\/wp-json\/wp\/v2\/categories?post=2731"},{"taxonomy":"post_tag","embeddable":true,"href":"https:\/\/agora.xtec.cat\/iesdelvoltreganes\/wp-json\/wp\/v2\/tags?post=2731"}],"curies":[{"name":"wp","href":"https:\/\/api.w.org\/{rel}","templated":true}]}}