{"id":2693,"date":"2018-01-12T12:20:21","date_gmt":"2018-01-12T11:20:21","guid":{"rendered":"http:\/\/agora.xtec.cat\/iesdelvoltreganes\/?p=2693"},"modified":"2018-01-12T15:25:41","modified_gmt":"2018-01-12T14:25:41","slug":"sortida-a-besalu-2","status":"publish","type":"post","link":"https:\/\/agora.xtec.cat\/iesdelvoltreganes\/general\/sortida-a-besalu-2\/","title":{"rendered":"Sortida a Besal\u00fa"},"content":{"rendered":"<p><a href=\"https:\/\/photos.app.goo.gl\/DG3R1rRYC4pSKswT2\"><img loading=\"lazy\" decoding=\"async\" class=\"wp-image-2694 size-medium aligncenter\" src=\"http:\/\/agora.xtec.cat\/iesdelvoltreganes\/wp-content\/uploads\/usu618\/2018\/01\/bo-300x225.jpg\" alt=\"\" width=\"300\" height=\"225\" srcset=\"https:\/\/agora.xtec.cat\/iesdelvoltreganes\/wp-content\/uploads\/usu618\/2018\/01\/bo-300x225.jpg 300w, https:\/\/agora.xtec.cat\/iesdelvoltreganes\/wp-content\/uploads\/usu618\/2018\/01\/bo-768x576.jpg 768w, https:\/\/agora.xtec.cat\/iesdelvoltreganes\/wp-content\/uploads\/usu618\/2018\/01\/bo-1024x768.jpg 1024w, https:\/\/agora.xtec.cat\/iesdelvoltreganes\/wp-content\/uploads\/usu618\/2018\/01\/bo-200x150.jpg 200w, https:\/\/agora.xtec.cat\/iesdelvoltreganes\/wp-content\/uploads\/usu618\/2018\/01\/bo.jpg 1040w\" sizes=\"auto, (max-width: 300px) 100vw, 300px\" \/><\/a><\/p>\n<p>El passat 10 de gener l&#8217;alumnat de 2n d&#8217;ESO vam visitar Besal\u00fa amb l&#8217;\u00e0rea de ci\u00e8ncies socials. Vam poder veure el fam\u00f3s pont rom\u00e0nic, l&#8217;esgl\u00e9sia de Sant Pere del segle X, la sinagoga i els banys jueus (Micv\u00e9). Finalment, abans de tornar cap a l&#8217;institut, vam gaudir d&#8217;una demostraci\u00f3 del mestre d&#8217;armes que ens va mostrar t\u00e8cniques de lluita medieval i l&#8217;armament de l&#8217;\u00e8poca.<\/p>\n","protected":false},"excerpt":{"rendered":"<p><a href=\"https:\/\/photos.app.goo.gl\/DG3R1rRYC4pSKswT2\"><\/a><br \/>\nEl passat 10 de gener l&#8217;alumnat de 2n d&#8217;ESO vam visitar Besal\u00fa amb l&#8217;\u00e0rea de ci\u00e8ncies socials. Vam poder veure el fam\u00f3s pont rom\u00e0nic, l&#8217;esgl\u00e9sia de Sant Pere del segle X, la sinagoga i els banys jueus (Micv\u00e9). Finalment, abans de tornar cap a&hellip;  <a href=\"https:\/\/agora.xtec.cat\/iesdelvoltreganes\/general\/sortida-a-besalu-2\/\" title=\"Read Sortida a Besal\u00fa\">Llegeix m\u00e9s\u00bb<\/a><\/p>\n","protected":false},"author":6,"featured_media":0,"comment_status":"closed","ping_status":"closed","sticky":false,"template":"","format":"standard","meta":{"_bbp_topic_count":0,"_bbp_reply_count":0,"_bbp_total_topic_count":0,"_bbp_total_reply_count":0,"_bbp_voice_count":0,"_bbp_anonymous_reply_count":0,"_bbp_topic_count_hidden":0,"_bbp_reply_count_hidden":0,"_bbp_forum_subforum_count":0,"footnotes":""},"categories":[66,5,1,29],"tags":[39],"class_list":["post-2693","post","type-post","status-publish","format-standard","hentry","category-ciencies-socials","category-eso-2","category-general","category-portada","tag-sortides"],"post_mailing_queue_ids":[],"_links":{"self":[{"href":"https:\/\/agora.xtec.cat\/iesdelvoltreganes\/wp-json\/wp\/v2\/posts\/2693","targetHints":{"allow":["GET"]}}],"collection":[{"href":"https:\/\/agora.xtec.cat\/iesdelvoltreganes\/wp-json\/wp\/v2\/posts"}],"about":[{"href":"https:\/\/agora.xtec.cat\/iesdelvoltreganes\/wp-json\/wp\/v2\/types\/post"}],"author":[{"embeddable":true,"href":"https:\/\/agora.xtec.cat\/iesdelvoltreganes\/wp-json\/wp\/v2\/users\/6"}],"replies":[{"embeddable":true,"href":"https:\/\/agora.xtec.cat\/iesdelvoltreganes\/wp-json\/wp\/v2\/comments?post=2693"}],"version-history":[{"count":3,"href":"https:\/\/agora.xtec.cat\/iesdelvoltreganes\/wp-json\/wp\/v2\/posts\/2693\/revisions"}],"predecessor-version":[{"id":2698,"href":"https:\/\/agora.xtec.cat\/iesdelvoltreganes\/wp-json\/wp\/v2\/posts\/2693\/revisions\/2698"}],"wp:attachment":[{"href":"https:\/\/agora.xtec.cat\/iesdelvoltreganes\/wp-json\/wp\/v2\/media?parent=2693"}],"wp:term":[{"taxonomy":"category","embeddable":true,"href":"https:\/\/agora.xtec.cat\/iesdelvoltreganes\/wp-json\/wp\/v2\/categories?post=2693"},{"taxonomy":"post_tag","embeddable":true,"href":"https:\/\/agora.xtec.cat\/iesdelvoltreganes\/wp-json\/wp\/v2\/tags?post=2693"}],"curies":[{"name":"wp","href":"https:\/\/api.w.org\/{rel}","templated":true}]}}