{"id":2668,"date":"2017-12-15T11:22:53","date_gmt":"2017-12-15T10:22:53","guid":{"rendered":"http:\/\/agora.xtec.cat\/iesdelvoltreganes\/?p=2668"},"modified":"2023-12-19T12:21:40","modified_gmt":"2023-12-19T11:21:40","slug":"linstitut-amb-la-marato-2","status":"publish","type":"post","link":"https:\/\/agora.xtec.cat\/iesdelvoltreganes\/general\/linstitut-amb-la-marato-2\/","title":{"rendered":"L&#8217;institut amb La Marat\u00f3"},"content":{"rendered":"<p style=\"text-align: center;\"><a href=\"https:\/\/photos.app.goo.gl\/wNlHbLaWfD04qh5A3\" target=\"_blank\" rel=\"noopener noreferrer\"><img loading=\"lazy\" decoding=\"async\" class=\"alignnone wp-image-2669 size-medium\" src=\"http:\/\/agora.xtec.cat\/iesdelvoltreganes\/wp-content\/uploads\/usu618\/2017\/12\/DSC_0318-300x199.jpg\" alt=\"\" width=\"300\" height=\"199\" srcset=\"https:\/\/agora.xtec.cat\/iesdelvoltreganes\/wp-content\/uploads\/usu618\/2017\/12\/DSC_0318-300x199.jpg 300w, https:\/\/agora.xtec.cat\/iesdelvoltreganes\/wp-content\/uploads\/usu618\/2017\/12\/DSC_0318-768x511.jpg 768w, https:\/\/agora.xtec.cat\/iesdelvoltreganes\/wp-content\/uploads\/usu618\/2017\/12\/DSC_0318-1024x681.jpg 1024w, https:\/\/agora.xtec.cat\/iesdelvoltreganes\/wp-content\/uploads\/usu618\/2017\/12\/DSC_0318.jpg 1504w\" sizes=\"auto, (max-width: 300px) 100vw, 300px\" \/><\/a><\/p>\n<p>Moltes gr\u00e0cies a totes les fam\u00edlies, alumnes i professorat de l&#8217;Institut que han col.laborat, un any m\u00e9s, amb la Marat\u00f3 de TV3 i Catalunya R\u00e0dio. Hem recaptat 185 euros !!!<br \/>\nConscients que cal seguir avan\u00e7ant en la investigaci\u00f3, els alumnes de 3r d&#8217;ESO han assistit a una confer\u00e8ncia de divulgaci\u00f3 i sensibilitzaci\u00f3 sobre les malaties infeccioses.<\/p>\n","protected":false},"excerpt":{"rendered":"<p><a href=\"https:\/\/photos.app.goo.gl\/wNlHbLaWfD04qh5A3\" target=\"_blank\" rel=\"noopener noreferrer\"><\/a><br \/>\nMoltes gr\u00e0cies a totes les fam\u00edlies, alumnes i professorat de l&#8217;Institut que han col.laborat, un any m\u00e9s, amb la Marat\u00f3 de TV3 i Catalunya R\u00e0dio. Hem recaptat 185 euros !!!<br \/>\nConscients que cal seguir avan\u00e7ant en la investigaci\u00f3, els alumnes de 3r&hellip;  <a href=\"https:\/\/agora.xtec.cat\/iesdelvoltreganes\/general\/linstitut-amb-la-marato-2\/\" title=\"Read L&#8217;institut amb La Marat\u00f3\">Llegeix m\u00e9s\u00bb<\/a><\/p>\n","protected":false},"author":6,"featured_media":0,"comment_status":"closed","ping_status":"closed","sticky":false,"template":"","format":"standard","meta":{"_bbp_topic_count":0,"_bbp_reply_count":0,"_bbp_total_topic_count":0,"_bbp_total_reply_count":0,"_bbp_voice_count":0,"_bbp_anonymous_reply_count":0,"_bbp_topic_count_hidden":0,"_bbp_reply_count_hidden":0,"_bbp_forum_subforum_count":0,"footnotes":""},"categories":[1,29],"tags":[84,160],"class_list":["post-2668","post","type-post","status-publish","format-standard","hentry","category-general","category-portada","tag-activitats","tag-marato-de-tv3"],"post_mailing_queue_ids":[],"_links":{"self":[{"href":"https:\/\/agora.xtec.cat\/iesdelvoltreganes\/wp-json\/wp\/v2\/posts\/2668","targetHints":{"allow":["GET"]}}],"collection":[{"href":"https:\/\/agora.xtec.cat\/iesdelvoltreganes\/wp-json\/wp\/v2\/posts"}],"about":[{"href":"https:\/\/agora.xtec.cat\/iesdelvoltreganes\/wp-json\/wp\/v2\/types\/post"}],"author":[{"embeddable":true,"href":"https:\/\/agora.xtec.cat\/iesdelvoltreganes\/wp-json\/wp\/v2\/users\/6"}],"replies":[{"embeddable":true,"href":"https:\/\/agora.xtec.cat\/iesdelvoltreganes\/wp-json\/wp\/v2\/comments?post=2668"}],"version-history":[{"count":3,"href":"https:\/\/agora.xtec.cat\/iesdelvoltreganes\/wp-json\/wp\/v2\/posts\/2668\/revisions"}],"predecessor-version":[{"id":6363,"href":"https:\/\/agora.xtec.cat\/iesdelvoltreganes\/wp-json\/wp\/v2\/posts\/2668\/revisions\/6363"}],"wp:attachment":[{"href":"https:\/\/agora.xtec.cat\/iesdelvoltreganes\/wp-json\/wp\/v2\/media?parent=2668"}],"wp:term":[{"taxonomy":"category","embeddable":true,"href":"https:\/\/agora.xtec.cat\/iesdelvoltreganes\/wp-json\/wp\/v2\/categories?post=2668"},{"taxonomy":"post_tag","embeddable":true,"href":"https:\/\/agora.xtec.cat\/iesdelvoltreganes\/wp-json\/wp\/v2\/tags?post=2668"}],"curies":[{"name":"wp","href":"https:\/\/api.w.org\/{rel}","templated":true}]}}