{"id":2645,"date":"2017-12-11T12:02:39","date_gmt":"2017-12-11T11:02:39","guid":{"rendered":"http:\/\/agora.xtec.cat\/iesdelvoltreganes\/?p=2645"},"modified":"2017-12-11T12:34:54","modified_gmt":"2017-12-11T11:34:54","slug":"gimcana-matematica","status":"publish","type":"post","link":"https:\/\/agora.xtec.cat\/iesdelvoltreganes\/general\/gimcana-matematica\/","title":{"rendered":"Gimcana matem\u00e0tica"},"content":{"rendered":"<p><a href=\"https:\/\/photos.app.goo.gl\/G9bg9Fn7eVrkfoRn1\" target=\"_blank\" rel=\"noopener noreferrer\"><img loading=\"lazy\" decoding=\"async\" class=\"aligncenter wp-image-2646 size-medium\" src=\"http:\/\/agora.xtec.cat\/iesdelvoltreganes\/wp-content\/uploads\/usu618\/2017\/12\/DSC_0261-300x199.jpg\" alt=\"\" width=\"300\" height=\"199\" srcset=\"https:\/\/agora.xtec.cat\/iesdelvoltreganes\/wp-content\/uploads\/usu618\/2017\/12\/DSC_0261-300x199.jpg 300w, https:\/\/agora.xtec.cat\/iesdelvoltreganes\/wp-content\/uploads\/usu618\/2017\/12\/DSC_0261-768x511.jpg 768w, https:\/\/agora.xtec.cat\/iesdelvoltreganes\/wp-content\/uploads\/usu618\/2017\/12\/DSC_0261-1024x681.jpg 1024w, https:\/\/agora.xtec.cat\/iesdelvoltreganes\/wp-content\/uploads\/usu618\/2017\/12\/DSC_0261.jpg 1504w\" sizes=\"auto, (max-width: 300px) 100vw, 300px\" \/><\/a><\/p>\n<p>Els alumnes de 2n d&#8217;ESO han participat a la primera Gimcana matem\u00e0tica a Santa Perp\u00e8tua (Sta Cec\u00edlia de Voltreg\u00e0). Ha estat tot un \u00e8xit!. Els alumnes de 1r de batxillerat de lletres ens han ajudat en els controls. Sou fant\u00e0stics! Moltes gr\u00e0cies a tothom!!!<\/p>\n","protected":false},"excerpt":{"rendered":"<p><a href=\"https:\/\/photos.app.goo.gl\/G9bg9Fn7eVrkfoRn1\" target=\"_blank\" rel=\"noopener noreferrer\"><\/a><br \/>\nEls alumnes de 2n d&#8217;ESO han participat a la primera Gimcana matem\u00e0tica a Santa Perp\u00e8tua (Sta Cec\u00edlia de Voltreg\u00e0). Ha estat tot un \u00e8xit!. Els alumnes de 1r de batxillerat de lletres ens han ajudat en els controls. Sou fant\u00e0stics! Moltes&hellip;  <a href=\"https:\/\/agora.xtec.cat\/iesdelvoltreganes\/general\/gimcana-matematica\/\" title=\"Read Gimcana matem\u00e0tica\">Llegeix m\u00e9s\u00bb<\/a><\/p>\n","protected":false},"author":6,"featured_media":0,"comment_status":"closed","ping_status":"closed","sticky":false,"template":"","format":"standard","meta":{"_bbp_topic_count":0,"_bbp_reply_count":0,"_bbp_total_topic_count":0,"_bbp_total_reply_count":0,"_bbp_voice_count":0,"_bbp_anonymous_reply_count":0,"_bbp_topic_count_hidden":0,"_bbp_reply_count_hidden":0,"_bbp_forum_subforum_count":0,"footnotes":""},"categories":[5,1,73,29],"tags":[39],"class_list":["post-2645","post","type-post","status-publish","format-standard","hentry","category-eso-2","category-general","category-matematiques","category-portada","tag-sortides"],"post_mailing_queue_ids":[],"_links":{"self":[{"href":"https:\/\/agora.xtec.cat\/iesdelvoltreganes\/wp-json\/wp\/v2\/posts\/2645","targetHints":{"allow":["GET"]}}],"collection":[{"href":"https:\/\/agora.xtec.cat\/iesdelvoltreganes\/wp-json\/wp\/v2\/posts"}],"about":[{"href":"https:\/\/agora.xtec.cat\/iesdelvoltreganes\/wp-json\/wp\/v2\/types\/post"}],"author":[{"embeddable":true,"href":"https:\/\/agora.xtec.cat\/iesdelvoltreganes\/wp-json\/wp\/v2\/users\/6"}],"replies":[{"embeddable":true,"href":"https:\/\/agora.xtec.cat\/iesdelvoltreganes\/wp-json\/wp\/v2\/comments?post=2645"}],"version-history":[{"count":3,"href":"https:\/\/agora.xtec.cat\/iesdelvoltreganes\/wp-json\/wp\/v2\/posts\/2645\/revisions"}],"predecessor-version":[{"id":2652,"href":"https:\/\/agora.xtec.cat\/iesdelvoltreganes\/wp-json\/wp\/v2\/posts\/2645\/revisions\/2652"}],"wp:attachment":[{"href":"https:\/\/agora.xtec.cat\/iesdelvoltreganes\/wp-json\/wp\/v2\/media?parent=2645"}],"wp:term":[{"taxonomy":"category","embeddable":true,"href":"https:\/\/agora.xtec.cat\/iesdelvoltreganes\/wp-json\/wp\/v2\/categories?post=2645"},{"taxonomy":"post_tag","embeddable":true,"href":"https:\/\/agora.xtec.cat\/iesdelvoltreganes\/wp-json\/wp\/v2\/tags?post=2645"}],"curies":[{"name":"wp","href":"https:\/\/api.w.org\/{rel}","templated":true}]}}