{"id":2612,"date":"2017-11-27T10:33:49","date_gmt":"2017-11-27T09:33:49","guid":{"rendered":"http:\/\/agora.xtec.cat\/iesdelvoltreganes\/?p=2612"},"modified":"2017-11-27T13:59:04","modified_gmt":"2017-11-27T12:59:04","slug":"visita-a-la-colonia-borgonya-2","status":"publish","type":"post","link":"https:\/\/agora.xtec.cat\/iesdelvoltreganes\/general\/visita-a-la-colonia-borgonya-2\/","title":{"rendered":"Visita a la col\u00f2nia Borgony\u00e0"},"content":{"rendered":"<p><a href=\"https:\/\/photos.app.goo.gl\/D3nGwHeBEIPSbWhj1\" target=\"_blank\" rel=\"noopener noreferrer\"><img loading=\"lazy\" decoding=\"async\" class=\"wp-image-2613 size-medium aligncenter\" src=\"http:\/\/agora.xtec.cat\/iesdelvoltreganes\/wp-content\/uploads\/usu618\/2017\/11\/bo-1-300x225.jpg\" alt=\"\" width=\"300\" height=\"225\" srcset=\"https:\/\/agora.xtec.cat\/iesdelvoltreganes\/wp-content\/uploads\/usu618\/2017\/11\/bo-1-300x225.jpg 300w, https:\/\/agora.xtec.cat\/iesdelvoltreganes\/wp-content\/uploads\/usu618\/2017\/11\/bo-1-768x576.jpg 768w, https:\/\/agora.xtec.cat\/iesdelvoltreganes\/wp-content\/uploads\/usu618\/2017\/11\/bo-1-1024x768.jpg 1024w, https:\/\/agora.xtec.cat\/iesdelvoltreganes\/wp-content\/uploads\/usu618\/2017\/11\/bo-1-200x150.jpg 200w, https:\/\/agora.xtec.cat\/iesdelvoltreganes\/wp-content\/uploads\/usu618\/2017\/11\/bo-1.jpg 1040w\" sizes=\"auto, (max-width: 300px) 100vw, 300px\" \/><\/a><br \/>\nEls alumnes de 4t d&#8217;ESO estan treballant la Revoluci\u00f3 Industrial a l&#8217;\u00e0rea de ci\u00e8ncies socials. Una de les activitats programades \u00e9s la visita a la col\u00f2nia escocesa de Borgony\u00e0. La col\u00f2nia t\u00e8xtil est\u00e0 situada en el muncipi de Sant Vicen\u00e7 de Torell\u00f3. Era una col\u00f2nia autosuficient, amb molts serveis, amb una clara intenci\u00f3 paternalista, que com a objectiu final tenia el control social sobre els treballadors.<\/p>\n","protected":false},"excerpt":{"rendered":"<p><a href=\"https:\/\/photos.app.goo.gl\/D3nGwHeBEIPSbWhj1\" target=\"_blank\" rel=\"noopener noreferrer\"><\/a><br \/>\nEls alumnes de 4t d&#8217;ESO estan treballant la Revoluci\u00f3 Industrial a l&#8217;\u00e0rea de ci\u00e8ncies socials. Una de les activitats programades \u00e9s la visita a la col\u00f2nia escocesa de Borgony\u00e0. La col\u00f2nia t\u00e8xtil est\u00e0 situada en el muncipi de Sant Vicen\u00e7 de&hellip;  <a href=\"https:\/\/agora.xtec.cat\/iesdelvoltreganes\/general\/visita-a-la-colonia-borgonya-2\/\" title=\"Read Visita a la col\u00f2nia Borgony\u00e0\">Llegeix m\u00e9s\u00bb<\/a><\/p>\n","protected":false},"author":6,"featured_media":0,"comment_status":"closed","ping_status":"closed","sticky":false,"template":"","format":"standard","meta":{"_bbp_topic_count":0,"_bbp_reply_count":0,"_bbp_total_topic_count":0,"_bbp_total_reply_count":0,"_bbp_voice_count":0,"_bbp_anonymous_reply_count":0,"_bbp_topic_count_hidden":0,"_bbp_reply_count_hidden":0,"_bbp_forum_subforum_count":0,"footnotes":""},"categories":[66,7,1,29],"tags":[39],"class_list":["post-2612","post","type-post","status-publish","format-standard","hentry","category-ciencies-socials","category-eso-4","category-general","category-portada","tag-sortides"],"post_mailing_queue_ids":[],"_links":{"self":[{"href":"https:\/\/agora.xtec.cat\/iesdelvoltreganes\/wp-json\/wp\/v2\/posts\/2612","targetHints":{"allow":["GET"]}}],"collection":[{"href":"https:\/\/agora.xtec.cat\/iesdelvoltreganes\/wp-json\/wp\/v2\/posts"}],"about":[{"href":"https:\/\/agora.xtec.cat\/iesdelvoltreganes\/wp-json\/wp\/v2\/types\/post"}],"author":[{"embeddable":true,"href":"https:\/\/agora.xtec.cat\/iesdelvoltreganes\/wp-json\/wp\/v2\/users\/6"}],"replies":[{"embeddable":true,"href":"https:\/\/agora.xtec.cat\/iesdelvoltreganes\/wp-json\/wp\/v2\/comments?post=2612"}],"version-history":[{"count":3,"href":"https:\/\/agora.xtec.cat\/iesdelvoltreganes\/wp-json\/wp\/v2\/posts\/2612\/revisions"}],"predecessor-version":[{"id":2623,"href":"https:\/\/agora.xtec.cat\/iesdelvoltreganes\/wp-json\/wp\/v2\/posts\/2612\/revisions\/2623"}],"wp:attachment":[{"href":"https:\/\/agora.xtec.cat\/iesdelvoltreganes\/wp-json\/wp\/v2\/media?parent=2612"}],"wp:term":[{"taxonomy":"category","embeddable":true,"href":"https:\/\/agora.xtec.cat\/iesdelvoltreganes\/wp-json\/wp\/v2\/categories?post=2612"},{"taxonomy":"post_tag","embeddable":true,"href":"https:\/\/agora.xtec.cat\/iesdelvoltreganes\/wp-json\/wp\/v2\/tags?post=2612"}],"curies":[{"name":"wp","href":"https:\/\/api.w.org\/{rel}","templated":true}]}}