{"id":2596,"date":"2017-11-23T09:57:33","date_gmt":"2017-11-23T08:57:33","guid":{"rendered":"http:\/\/agora.xtec.cat\/iesdelvoltreganes\/?p=2596"},"modified":"2017-11-23T10:21:05","modified_gmt":"2017-11-23T09:21:05","slug":"anem-al-teatre","status":"publish","type":"post","link":"https:\/\/agora.xtec.cat\/iesdelvoltreganes\/general\/anem-al-teatre\/","title":{"rendered":"Anem al teatre"},"content":{"rendered":"<p style=\"text-align: center;\"><a href=\"http:\/\/agora.xtec.cat\/iesdelvoltreganes\/wp-content\/uploads\/usu618\/2017\/11\/cartell.jpg\"><img loading=\"lazy\" decoding=\"async\" class=\"alignnone size-medium wp-image-2597\" src=\"http:\/\/agora.xtec.cat\/iesdelvoltreganes\/wp-content\/uploads\/usu618\/2017\/11\/cartell-218x300.jpg\" alt=\"\" width=\"218\" height=\"300\" srcset=\"https:\/\/agora.xtec.cat\/iesdelvoltreganes\/wp-content\/uploads\/usu618\/2017\/11\/cartell-218x300.jpg 218w, https:\/\/agora.xtec.cat\/iesdelvoltreganes\/wp-content\/uploads\/usu618\/2017\/11\/cartell.jpg 524w\" sizes=\"auto, (max-width: 218px) 100vw, 218px\" \/><\/a><\/p>\n<p>Entre els dies 21, 22 i 28 d\u2019octubre 85 alumnes de l\u2019institut (tots els de 2n de batxillerat, molts de 1r de batxillerat i uns quants de 4t d\u2019ESO) van anar a veure l\u2019obra de teatre \u201cLa pla\u00e7a del Diamant\u201d, basada en la novel\u00b7la hom\u00f2nima de Merc\u00e8 Rodoreda, que \u00e9s una de les lectures obligat\u00f2ries de 2n de batxillerat.<\/p>\n<p>L\u2019obra, representada a la sala petita d\u2019Osona (a Sant Hip\u00f2lit de Voltreg\u00e0), \u00e9s una adaptaci\u00f3 molt reeixida: ben adaptada, ben interpretada, ben dirigida i amb molta cura de tots els detalls. A m\u00e9s, al final de les representacions es proposava un col\u00b7loqui entre el p\u00fablic i els directors i les actrius (dues de les quals, Mireia S\u00e0nchez i Judit S\u00e0nchez, havien estat alumnes de l\u2019institut).<\/p>\n","protected":false},"excerpt":{"rendered":"<p><a href=\"http:\/\/agora.xtec.cat\/iesdelvoltreganes\/wp-content\/uploads\/usu618\/2017\/11\/cartell.jpg\"><\/a><br \/>\nEntre els dies 21, 22 i 28 d\u2019octubre 85 alumnes de l\u2019institut (tots els de 2n de batxillerat, molts de 1r de batxillerat i uns quants de 4t d\u2019ESO) van anar a veure l\u2019obra de teatre \u201cLa pla\u00e7a del Diamant\u201d, basada en la novel\u00b7la&hellip;  <a href=\"https:\/\/agora.xtec.cat\/iesdelvoltreganes\/general\/anem-al-teatre\/\" title=\"Read Anem al teatre\">Llegeix m\u00e9s\u00bb<\/a><\/p>\n","protected":false},"author":6,"featured_media":2597,"comment_status":"closed","ping_status":"closed","sticky":false,"template":"","format":"standard","meta":{"_bbp_topic_count":0,"_bbp_reply_count":0,"_bbp_total_topic_count":0,"_bbp_total_reply_count":0,"_bbp_voice_count":0,"_bbp_anonymous_reply_count":0,"_bbp_topic_count_hidden":0,"_bbp_reply_count_hidden":0,"_bbp_forum_subforum_count":0,"footnotes":""},"categories":[8,7,1,72,29],"tags":[],"class_list":["post-2596","post","type-post","status-publish","format-standard","has-post-thumbnail","hentry","category-batxillerat","category-eso-4","category-general","category-llengues-i-literatura","category-portada"],"post_mailing_queue_ids":[],"_links":{"self":[{"href":"https:\/\/agora.xtec.cat\/iesdelvoltreganes\/wp-json\/wp\/v2\/posts\/2596","targetHints":{"allow":["GET"]}}],"collection":[{"href":"https:\/\/agora.xtec.cat\/iesdelvoltreganes\/wp-json\/wp\/v2\/posts"}],"about":[{"href":"https:\/\/agora.xtec.cat\/iesdelvoltreganes\/wp-json\/wp\/v2\/types\/post"}],"author":[{"embeddable":true,"href":"https:\/\/agora.xtec.cat\/iesdelvoltreganes\/wp-json\/wp\/v2\/users\/6"}],"replies":[{"embeddable":true,"href":"https:\/\/agora.xtec.cat\/iesdelvoltreganes\/wp-json\/wp\/v2\/comments?post=2596"}],"version-history":[{"count":1,"href":"https:\/\/agora.xtec.cat\/iesdelvoltreganes\/wp-json\/wp\/v2\/posts\/2596\/revisions"}],"predecessor-version":[{"id":2598,"href":"https:\/\/agora.xtec.cat\/iesdelvoltreganes\/wp-json\/wp\/v2\/posts\/2596\/revisions\/2598"}],"wp:featuredmedia":[{"embeddable":true,"href":"https:\/\/agora.xtec.cat\/iesdelvoltreganes\/wp-json\/wp\/v2\/media\/2597"}],"wp:attachment":[{"href":"https:\/\/agora.xtec.cat\/iesdelvoltreganes\/wp-json\/wp\/v2\/media?parent=2596"}],"wp:term":[{"taxonomy":"category","embeddable":true,"href":"https:\/\/agora.xtec.cat\/iesdelvoltreganes\/wp-json\/wp\/v2\/categories?post=2596"},{"taxonomy":"post_tag","embeddable":true,"href":"https:\/\/agora.xtec.cat\/iesdelvoltreganes\/wp-json\/wp\/v2\/tags?post=2596"}],"curies":[{"name":"wp","href":"https:\/\/api.w.org\/{rel}","templated":true}]}}