{"id":2565,"date":"2017-11-16T12:22:24","date_gmt":"2017-11-16T11:22:24","guid":{"rendered":"http:\/\/agora.xtec.cat\/iesdelvoltreganes\/?p=2565"},"modified":"2017-11-27T13:59:27","modified_gmt":"2017-11-27T12:59:27","slug":"coves-del-toll","status":"publish","type":"post","link":"https:\/\/agora.xtec.cat\/iesdelvoltreganes\/general\/coves-del-toll\/","title":{"rendered":"Coves del Toll"},"content":{"rendered":"<p><a href=\"https:\/\/photos.app.goo.gl\/skJZEwRYGRo6LJHg1\" target=\"_blank\" rel=\"noopener noreferrer\"><img loading=\"lazy\" decoding=\"async\" class=\"wp-image-2568 size-medium aligncenter\" src=\"http:\/\/agora.xtec.cat\/iesdelvoltreganes\/wp-content\/uploads\/usu618\/2017\/11\/2-300x225.jpg\" alt=\"\" width=\"300\" height=\"225\" srcset=\"https:\/\/agora.xtec.cat\/iesdelvoltreganes\/wp-content\/uploads\/usu618\/2017\/11\/2-300x225.jpg 300w, https:\/\/agora.xtec.cat\/iesdelvoltreganes\/wp-content\/uploads\/usu618\/2017\/11\/2-768x576.jpg 768w, https:\/\/agora.xtec.cat\/iesdelvoltreganes\/wp-content\/uploads\/usu618\/2017\/11\/2-1024x768.jpg 1024w, https:\/\/agora.xtec.cat\/iesdelvoltreganes\/wp-content\/uploads\/usu618\/2017\/11\/2-200x150.jpg 200w, https:\/\/agora.xtec.cat\/iesdelvoltreganes\/wp-content\/uploads\/usu618\/2017\/11\/2.jpg 1040w\" sizes=\"auto, (max-width: 300px) 100vw, 300px\" \/><\/a><\/p>\n<p>El passat 31 d&#8217;octubre l&#8217;alumnat de primer d&#8217;ESO va fer una sortida vinculada a l&#8217;\u00e0rea de les ci\u00e8ncies socials visitant\u00a0 el jaciment arqueol\u00f2gic del Toll (Moi\u00e0). Despr\u00e9s d&#8217;una caminada per l&#8217;entorn natural i de fer un bon esmorzar, els guies ens van explicar l&#8217;assentament prehist\u00f2ric.\u00a0Tot seguit,\u00a0van realitzar un taller d&#8217;arqueologia i per acabar van visitar les famoses Coves del Toll.<\/p>\n","protected":false},"excerpt":{"rendered":"<p><a href=\"https:\/\/photos.app.goo.gl\/skJZEwRYGRo6LJHg1\" target=\"_blank\" rel=\"noopener noreferrer\"><\/a><br \/>\nEl passat 31 d&#8217;octubre l&#8217;alumnat de primer d&#8217;ESO va fer una sortida vinculada a l&#8217;\u00e0rea de les ci\u00e8ncies socials visitant\u00a0 el jaciment arqueol\u00f2gic del Toll (Moi\u00e0). Despr\u00e9s d&#8217;una caminada per l&#8217;entorn natural i de fer un bon esmorzar, els guies ens&hellip;  <a href=\"https:\/\/agora.xtec.cat\/iesdelvoltreganes\/general\/coves-del-toll\/\" title=\"Read Coves del Toll\">Llegeix m\u00e9s\u00bb<\/a><\/p>\n","protected":false},"author":6,"featured_media":0,"comment_status":"closed","ping_status":"closed","sticky":false,"template":"","format":"standard","meta":{"_bbp_topic_count":0,"_bbp_reply_count":0,"_bbp_total_topic_count":0,"_bbp_total_reply_count":0,"_bbp_voice_count":0,"_bbp_anonymous_reply_count":0,"_bbp_topic_count_hidden":0,"_bbp_reply_count_hidden":0,"_bbp_forum_subforum_count":0,"footnotes":""},"categories":[4,1,29],"tags":[39],"class_list":["post-2565","post","type-post","status-publish","format-standard","hentry","category-eso-1","category-general","category-portada","tag-sortides"],"post_mailing_queue_ids":[],"_links":{"self":[{"href":"https:\/\/agora.xtec.cat\/iesdelvoltreganes\/wp-json\/wp\/v2\/posts\/2565","targetHints":{"allow":["GET"]}}],"collection":[{"href":"https:\/\/agora.xtec.cat\/iesdelvoltreganes\/wp-json\/wp\/v2\/posts"}],"about":[{"href":"https:\/\/agora.xtec.cat\/iesdelvoltreganes\/wp-json\/wp\/v2\/types\/post"}],"author":[{"embeddable":true,"href":"https:\/\/agora.xtec.cat\/iesdelvoltreganes\/wp-json\/wp\/v2\/users\/6"}],"replies":[{"embeddable":true,"href":"https:\/\/agora.xtec.cat\/iesdelvoltreganes\/wp-json\/wp\/v2\/comments?post=2565"}],"version-history":[{"count":3,"href":"https:\/\/agora.xtec.cat\/iesdelvoltreganes\/wp-json\/wp\/v2\/posts\/2565\/revisions"}],"predecessor-version":[{"id":2624,"href":"https:\/\/agora.xtec.cat\/iesdelvoltreganes\/wp-json\/wp\/v2\/posts\/2565\/revisions\/2624"}],"wp:attachment":[{"href":"https:\/\/agora.xtec.cat\/iesdelvoltreganes\/wp-json\/wp\/v2\/media?parent=2565"}],"wp:term":[{"taxonomy":"category","embeddable":true,"href":"https:\/\/agora.xtec.cat\/iesdelvoltreganes\/wp-json\/wp\/v2\/categories?post=2565"},{"taxonomy":"post_tag","embeddable":true,"href":"https:\/\/agora.xtec.cat\/iesdelvoltreganes\/wp-json\/wp\/v2\/tags?post=2565"}],"curies":[{"name":"wp","href":"https:\/\/api.w.org\/{rel}","templated":true}]}}