{"id":2557,"date":"2017-11-06T15:55:42","date_gmt":"2017-11-06T14:55:42","guid":{"rendered":"http:\/\/agora.xtec.cat\/iesdelvoltreganes\/?p=2557"},"modified":"2017-11-27T14:00:06","modified_gmt":"2017-11-27T13:00:06","slug":"visita-a-la-farga-lacambra","status":"publish","type":"post","link":"https:\/\/agora.xtec.cat\/iesdelvoltreganes\/general\/visita-a-la-farga-lacambra\/","title":{"rendered":"Visita a La Farga Lacambra"},"content":{"rendered":"<p><a href=\"https:\/\/photos.app.goo.gl\/7SEK1dDNU787RCYR2\" target=\"_blank\" rel=\"noopener noreferrer\"><img loading=\"lazy\" decoding=\"async\" class=\"wp-image-2558 size-medium aligncenter\" src=\"http:\/\/agora.xtec.cat\/iesdelvoltreganes\/wp-content\/uploads\/usu618\/2017\/11\/DSC_0290-300x199.jpg\" alt=\"\" width=\"300\" height=\"199\" srcset=\"https:\/\/agora.xtec.cat\/iesdelvoltreganes\/wp-content\/uploads\/usu618\/2017\/11\/DSC_0290-300x199.jpg 300w, https:\/\/agora.xtec.cat\/iesdelvoltreganes\/wp-content\/uploads\/usu618\/2017\/11\/DSC_0290-768x511.jpg 768w, https:\/\/agora.xtec.cat\/iesdelvoltreganes\/wp-content\/uploads\/usu618\/2017\/11\/DSC_0290-1024x681.jpg 1024w, https:\/\/agora.xtec.cat\/iesdelvoltreganes\/wp-content\/uploads\/usu618\/2017\/11\/DSC_0290.jpg 1504w\" sizes=\"auto, (max-width: 300px) 100vw, 300px\" \/><\/a><\/p>\n<p>Els alumnes de 2n de batxillerat tecnol\u00f2gic hem visitat el Museu del Coure de La Farga Lacambra. El museu mostra la hist\u00f2ria de l&#8217;empresa, l&#8217;element coure amb les seves propietats qu\u00edmiques i tecnol\u00f2giques i els processos industrials d&#8217;obtenci\u00f3, elaboraci\u00f3 i purificaci\u00f3 del coure.<br \/>\nEl m\u00e9s interessant ha estat la visita a dins l&#8217;empresa, on hem pogut veure els forns, la colada cont\u00ednua i els diferents productes que en surten. La persona que ens ha fet de guia s&#8217;ha explicat molt b\u00e9 i hem apr\u00e8s que l&#8217;\u00e8xit d&#8217;una empresa no dep\u00e8n nom\u00e9s de la qualitat del producte sin\u00f3 tamb\u00e9 de la log\u00edstica i de la mecatr\u00f2nica.<\/p>\n","protected":false},"excerpt":{"rendered":"<p><a href=\"https:\/\/photos.app.goo.gl\/7SEK1dDNU787RCYR2\" target=\"_blank\" rel=\"noopener noreferrer\"><\/a><br \/>\nEls alumnes de 2n de batxillerat tecnol\u00f2gic hem visitat el Museu del Coure de La Farga Lacambra. El museu mostra la hist\u00f2ria de l&#8217;empresa, l&#8217;element coure amb les seves propietats qu\u00edmiques i tecnol\u00f2giques i els processos industrials d&#8217;obtenci\u00f3, elaboraci\u00f3 i purificaci\u00f3&hellip;  <a href=\"https:\/\/agora.xtec.cat\/iesdelvoltreganes\/general\/visita-a-la-farga-lacambra\/\" title=\"Read Visita a La Farga Lacambra\">Llegeix m\u00e9s\u00bb<\/a><\/p>\n","protected":false},"author":6,"featured_media":0,"comment_status":"closed","ping_status":"closed","sticky":false,"template":"","format":"standard","meta":{"_bbp_topic_count":0,"_bbp_reply_count":0,"_bbp_total_topic_count":0,"_bbp_total_reply_count":0,"_bbp_voice_count":0,"_bbp_anonymous_reply_count":0,"_bbp_topic_count_hidden":0,"_bbp_reply_count_hidden":0,"_bbp_forum_subforum_count":0,"footnotes":""},"categories":[8,1,29,64],"tags":[39],"class_list":["post-2557","post","type-post","status-publish","format-standard","hentry","category-batxillerat","category-general","category-portada","category-tecnologia","tag-sortides"],"post_mailing_queue_ids":[],"_links":{"self":[{"href":"https:\/\/agora.xtec.cat\/iesdelvoltreganes\/wp-json\/wp\/v2\/posts\/2557","targetHints":{"allow":["GET"]}}],"collection":[{"href":"https:\/\/agora.xtec.cat\/iesdelvoltreganes\/wp-json\/wp\/v2\/posts"}],"about":[{"href":"https:\/\/agora.xtec.cat\/iesdelvoltreganes\/wp-json\/wp\/v2\/types\/post"}],"author":[{"embeddable":true,"href":"https:\/\/agora.xtec.cat\/iesdelvoltreganes\/wp-json\/wp\/v2\/users\/6"}],"replies":[{"embeddable":true,"href":"https:\/\/agora.xtec.cat\/iesdelvoltreganes\/wp-json\/wp\/v2\/comments?post=2557"}],"version-history":[{"count":3,"href":"https:\/\/agora.xtec.cat\/iesdelvoltreganes\/wp-json\/wp\/v2\/posts\/2557\/revisions"}],"predecessor-version":[{"id":2626,"href":"https:\/\/agora.xtec.cat\/iesdelvoltreganes\/wp-json\/wp\/v2\/posts\/2557\/revisions\/2626"}],"wp:attachment":[{"href":"https:\/\/agora.xtec.cat\/iesdelvoltreganes\/wp-json\/wp\/v2\/media?parent=2557"}],"wp:term":[{"taxonomy":"category","embeddable":true,"href":"https:\/\/agora.xtec.cat\/iesdelvoltreganes\/wp-json\/wp\/v2\/categories?post=2557"},{"taxonomy":"post_tag","embeddable":true,"href":"https:\/\/agora.xtec.cat\/iesdelvoltreganes\/wp-json\/wp\/v2\/tags?post=2557"}],"curies":[{"name":"wp","href":"https:\/\/api.w.org\/{rel}","templated":true}]}}