{"id":2550,"date":"2017-11-03T09:17:42","date_gmt":"2017-11-03T08:17:42","guid":{"rendered":"http:\/\/agora.xtec.cat\/iesdelvoltreganes\/?p=2550"},"modified":"2017-11-27T13:59:47","modified_gmt":"2017-11-27T12:59:47","slug":"installacio-electrica-dun-habitatge","status":"publish","type":"post","link":"https:\/\/agora.xtec.cat\/iesdelvoltreganes\/general\/installacio-electrica-dun-habitatge\/","title":{"rendered":"Instal\u00b7laci\u00f3 el\u00e8ctrica d&#8217;un habitatge"},"content":{"rendered":"<p><a href=\"https:\/\/photos.app.goo.gl\/obKNpAvoMYc8b1p82\" target=\"_blank\" rel=\"noopener noreferrer\"><img loading=\"lazy\" decoding=\"async\" class=\"wp-image-2551 size-medium aligncenter\" src=\"http:\/\/agora.xtec.cat\/iesdelvoltreganes\/wp-content\/uploads\/usu618\/2017\/10\/DSC_0265-300x199.jpg\" alt=\"\" width=\"300\" height=\"199\" srcset=\"https:\/\/agora.xtec.cat\/iesdelvoltreganes\/wp-content\/uploads\/usu618\/2017\/10\/DSC_0265-300x199.jpg 300w, https:\/\/agora.xtec.cat\/iesdelvoltreganes\/wp-content\/uploads\/usu618\/2017\/10\/DSC_0265-768x511.jpg 768w, https:\/\/agora.xtec.cat\/iesdelvoltreganes\/wp-content\/uploads\/usu618\/2017\/10\/DSC_0265-1024x681.jpg 1024w, https:\/\/agora.xtec.cat\/iesdelvoltreganes\/wp-content\/uploads\/usu618\/2017\/10\/DSC_0265.jpg 1504w\" sizes=\"auto, (max-width: 300px) 100vw, 300px\" \/><\/a><\/p>\n<p>Els alumnes de 4t d&#8217;ESO han posat en pr\u00e0ctica els coneixements te\u00f2rics sobre la instal\u00b7laci\u00f3 el\u00e8ctrica d\u2019un habitatge. Han muntat una instal\u00b7laci\u00f3 damunt d\u2019un plaf\u00f3 de DM on havien dibuixat pr\u00e8viament el pl\u00e0nol de les diferents habitacions. Ara saben els colors de les fases, del neutre i del terra, i com es munten un interruptor, un commutador i un commutador d\u2019encreuament.<\/p>\n","protected":false},"excerpt":{"rendered":"<p><a href=\"https:\/\/photos.app.goo.gl\/obKNpAvoMYc8b1p82\" target=\"_blank\" rel=\"noopener noreferrer\"><\/a><br \/>\nEls alumnes de 4t d&#8217;ESO han posat en pr\u00e0ctica els coneixements te\u00f2rics sobre la instal\u00b7laci\u00f3 el\u00e8ctrica d\u2019un habitatge. Han muntat una instal\u00b7laci\u00f3 damunt d\u2019un plaf\u00f3 de DM on havien dibuixat pr\u00e8viament el pl\u00e0nol de les diferents habitacions. Ara saben els colors&hellip;  <a href=\"https:\/\/agora.xtec.cat\/iesdelvoltreganes\/general\/installacio-electrica-dun-habitatge\/\" title=\"Read Instal\u00b7laci\u00f3 el\u00e8ctrica d&#8217;un habitatge\">Llegeix m\u00e9s\u00bb<\/a><\/p>\n","protected":false},"author":6,"featured_media":0,"comment_status":"closed","ping_status":"closed","sticky":false,"template":"","format":"standard","meta":{"_bbp_topic_count":0,"_bbp_reply_count":0,"_bbp_total_topic_count":0,"_bbp_total_reply_count":0,"_bbp_voice_count":0,"_bbp_anonymous_reply_count":0,"_bbp_topic_count_hidden":0,"_bbp_reply_count_hidden":0,"_bbp_forum_subforum_count":0,"footnotes":""},"categories":[7,1,29,64],"tags":[],"class_list":["post-2550","post","type-post","status-publish","format-standard","hentry","category-eso-4","category-general","category-portada","category-tecnologia"],"post_mailing_queue_ids":[],"_links":{"self":[{"href":"https:\/\/agora.xtec.cat\/iesdelvoltreganes\/wp-json\/wp\/v2\/posts\/2550","targetHints":{"allow":["GET"]}}],"collection":[{"href":"https:\/\/agora.xtec.cat\/iesdelvoltreganes\/wp-json\/wp\/v2\/posts"}],"about":[{"href":"https:\/\/agora.xtec.cat\/iesdelvoltreganes\/wp-json\/wp\/v2\/types\/post"}],"author":[{"embeddable":true,"href":"https:\/\/agora.xtec.cat\/iesdelvoltreganes\/wp-json\/wp\/v2\/users\/6"}],"replies":[{"embeddable":true,"href":"https:\/\/agora.xtec.cat\/iesdelvoltreganes\/wp-json\/wp\/v2\/comments?post=2550"}],"version-history":[{"count":3,"href":"https:\/\/agora.xtec.cat\/iesdelvoltreganes\/wp-json\/wp\/v2\/posts\/2550\/revisions"}],"predecessor-version":[{"id":2625,"href":"https:\/\/agora.xtec.cat\/iesdelvoltreganes\/wp-json\/wp\/v2\/posts\/2550\/revisions\/2625"}],"wp:attachment":[{"href":"https:\/\/agora.xtec.cat\/iesdelvoltreganes\/wp-json\/wp\/v2\/media?parent=2550"}],"wp:term":[{"taxonomy":"category","embeddable":true,"href":"https:\/\/agora.xtec.cat\/iesdelvoltreganes\/wp-json\/wp\/v2\/categories?post=2550"},{"taxonomy":"post_tag","embeddable":true,"href":"https:\/\/agora.xtec.cat\/iesdelvoltreganes\/wp-json\/wp\/v2\/tags?post=2550"}],"curies":[{"name":"wp","href":"https:\/\/api.w.org\/{rel}","templated":true}]}}