{"id":2544,"date":"2017-10-16T11:48:08","date_gmt":"2017-10-16T09:48:08","guid":{"rendered":"http:\/\/agora.xtec.cat\/iesdelvoltreganes\/?p=2544"},"modified":"2017-10-18T12:38:01","modified_gmt":"2017-10-18T10:38:01","slug":"xerrada-a-la-uvic-en-les-tertulies-cientifiques","status":"publish","type":"post","link":"https:\/\/agora.xtec.cat\/iesdelvoltreganes\/general\/xerrada-a-la-uvic-en-les-tertulies-cientifiques\/","title":{"rendered":"Xerrada a la UVic en les Tert\u00falies Cient\u00edfiques"},"content":{"rendered":"<p><a href=\"http:\/\/agora.xtec.cat\/iesdelvoltreganes\/wp-content\/uploads\/usu618\/2017\/10\/IMG_8302.jpg\"><img loading=\"lazy\" decoding=\"async\" class=\"alignnone size-medium wp-image-2545\" src=\"http:\/\/agora.xtec.cat\/iesdelvoltreganes\/wp-content\/uploads\/usu618\/2017\/10\/IMG_8302-300x225.jpg\" alt=\"\" width=\"300\" height=\"225\" srcset=\"https:\/\/agora.xtec.cat\/iesdelvoltreganes\/wp-content\/uploads\/usu618\/2017\/10\/IMG_8302-300x225.jpg 300w, https:\/\/agora.xtec.cat\/iesdelvoltreganes\/wp-content\/uploads\/usu618\/2017\/10\/IMG_8302-200x150.jpg 200w, https:\/\/agora.xtec.cat\/iesdelvoltreganes\/wp-content\/uploads\/usu618\/2017\/10\/IMG_8302.jpg 567w\" sizes=\"auto, (max-width: 300px) 100vw, 300px\" \/><\/a><a href=\"http:\/\/agora.xtec.cat\/iesdelvoltreganes\/wp-content\/uploads\/usu618\/2017\/10\/IMG_8300.jpg\"><img loading=\"lazy\" decoding=\"async\" class=\"alignnone size-medium wp-image-2546\" src=\"http:\/\/agora.xtec.cat\/iesdelvoltreganes\/wp-content\/uploads\/usu618\/2017\/10\/IMG_8300-225x300.jpg\" alt=\"\" width=\"225\" height=\"300\" srcset=\"https:\/\/agora.xtec.cat\/iesdelvoltreganes\/wp-content\/uploads\/usu618\/2017\/10\/IMG_8300-225x300.jpg 225w, https:\/\/agora.xtec.cat\/iesdelvoltreganes\/wp-content\/uploads\/usu618\/2017\/10\/IMG_8300.jpg 480w\" sizes=\"auto, (max-width: 225px) 100vw, 225px\" \/><\/a><\/p>\n<p>Xerrada curiositats cient\u00edfiques<\/p>\n<p>La xerrada del dia 11 d&#8217;octubre a la Universitat de Vic, ha estat impartida pel periodista<br \/>\nllicenciat en Biologia Daniel Arb\u00f3s. A part d&#8217;esmentar-nos els seus llibres, ha repassat<br \/>\nalgunes de les curiostats que surten en el seu \u00faltim treball &#8220;Pa ci\u00e8ncia, la vostra&#8221;. Ens ha<br \/>\nparlat de temes com la seducci\u00f3 o els mites alimentaris, i sempre basant-se en estudis<br \/>\nque han comprovat o desmentit el que s&#8217;opinava sense proves concluents d&#8217;aquests<br \/>\nmites.<br \/>\nM&#8217;ha resultat molt interessant que, per exemple, el suc de taronja realment no tingui res a<br \/>\nveure amb el refredat, ja que de petita sempre m&#8217;havien dit que per curar-lo \u00e9s el millor<br \/>\nque es podia fer.<br \/>\nTamb\u00e9 coses com el color vermell o els uniformes ens fan veure m\u00e9s atractiva una<br \/>\npersona, ja que creia que el color de la roba no influ\u00efa de cap manera en la perspectiva<br \/>\nque tenim sobre els altres.<br \/>\nPer\u00f2 el que m\u00e9s m&#8217;ha sorpr\u00e8s \u00e9s tot el que t\u00e9 a veure amb el marqueting i publicitat, en<br \/>\nespecial el dels supermercats. No m&#8217;havia parat mai a pensar que portar una cistella o<br \/>\npagar per una bossa de pl\u00e0stic podien influir en si em gastaria m\u00e9s o menys diners, i per<br \/>\ntan en si el supermercat sortiria m\u00e9s beneficiat o menys amb la meva compra.<\/p>\n","protected":false},"excerpt":{"rendered":"<p><a href=\"http:\/\/agora.xtec.cat\/iesdelvoltreganes\/wp-content\/uploads\/usu618\/2017\/10\/IMG_8302.jpg\"><\/a><a href=\"http:\/\/agora.xtec.cat\/iesdelvoltreganes\/wp-content\/uploads\/usu618\/2017\/10\/IMG_8300.jpg\"><\/a><br \/>\nXerrada curiositats cient\u00edfiques<br \/>\nLa xerrada del dia 11 d&#8217;octubre a la Universitat de Vic, ha estat impartida pel periodista<br \/>\nllicenciat en Biologia Daniel Arb\u00f3s. A part d&#8217;esmentar-nos els seus llibres, ha repassat<br \/>\nalgunes de les curiostats que surten en el seu \u00faltim treball &#8220;Pa ci\u00e8ncia, la&hellip;  <a href=\"https:\/\/agora.xtec.cat\/iesdelvoltreganes\/general\/xerrada-a-la-uvic-en-les-tertulies-cientifiques\/\" title=\"Read Xerrada a la UVic en les Tert\u00falies Cient\u00edfiques\">Llegeix m\u00e9s\u00bb<\/a><\/p>\n","protected":false},"author":6,"featured_media":2545,"comment_status":"closed","ping_status":"closed","sticky":false,"template":"","format":"standard","meta":{"_bbp_topic_count":0,"_bbp_reply_count":0,"_bbp_total_topic_count":0,"_bbp_total_reply_count":0,"_bbp_voice_count":0,"_bbp_anonymous_reply_count":0,"_bbp_topic_count_hidden":0,"_bbp_reply_count_hidden":0,"_bbp_forum_subforum_count":0,"footnotes":""},"categories":[8,1,29],"tags":[44],"class_list":["post-2544","post","type-post","status-publish","format-standard","has-post-thumbnail","hentry","category-batxillerat","category-general","category-portada","tag-xerrades"],"post_mailing_queue_ids":[],"_links":{"self":[{"href":"https:\/\/agora.xtec.cat\/iesdelvoltreganes\/wp-json\/wp\/v2\/posts\/2544","targetHints":{"allow":["GET"]}}],"collection":[{"href":"https:\/\/agora.xtec.cat\/iesdelvoltreganes\/wp-json\/wp\/v2\/posts"}],"about":[{"href":"https:\/\/agora.xtec.cat\/iesdelvoltreganes\/wp-json\/wp\/v2\/types\/post"}],"author":[{"embeddable":true,"href":"https:\/\/agora.xtec.cat\/iesdelvoltreganes\/wp-json\/wp\/v2\/users\/6"}],"replies":[{"embeddable":true,"href":"https:\/\/agora.xtec.cat\/iesdelvoltreganes\/wp-json\/wp\/v2\/comments?post=2544"}],"version-history":[{"count":3,"href":"https:\/\/agora.xtec.cat\/iesdelvoltreganes\/wp-json\/wp\/v2\/posts\/2544\/revisions"}],"predecessor-version":[{"id":2549,"href":"https:\/\/agora.xtec.cat\/iesdelvoltreganes\/wp-json\/wp\/v2\/posts\/2544\/revisions\/2549"}],"wp:featuredmedia":[{"embeddable":true,"href":"https:\/\/agora.xtec.cat\/iesdelvoltreganes\/wp-json\/wp\/v2\/media\/2545"}],"wp:attachment":[{"href":"https:\/\/agora.xtec.cat\/iesdelvoltreganes\/wp-json\/wp\/v2\/media?parent=2544"}],"wp:term":[{"taxonomy":"category","embeddable":true,"href":"https:\/\/agora.xtec.cat\/iesdelvoltreganes\/wp-json\/wp\/v2\/categories?post=2544"},{"taxonomy":"post_tag","embeddable":true,"href":"https:\/\/agora.xtec.cat\/iesdelvoltreganes\/wp-json\/wp\/v2\/tags?post=2544"}],"curies":[{"name":"wp","href":"https:\/\/api.w.org\/{rel}","templated":true}]}}