{"id":2524,"date":"2017-09-25T12:21:01","date_gmt":"2017-09-25T10:21:01","guid":{"rendered":"http:\/\/agora.xtec.cat\/iesdelvoltreganes\/?p=2524"},"modified":"2017-09-26T10:13:01","modified_gmt":"2017-09-26T08:13:01","slug":"acte-de-suport-al-dret-a-decidir-al-pati-de-linstitut","status":"publish","type":"post","link":"https:\/\/agora.xtec.cat\/iesdelvoltreganes\/general\/acte-de-suport-al-dret-a-decidir-al-pati-de-linstitut\/","title":{"rendered":"Acte de suport al dret a decidir al pati de l\u2019institut"},"content":{"rendered":"<p>Dilluns dia 25 de setembre a l&#8217;hora del pati els alumnes de 2n de batxillerat han llegit uns textos sobre la democr\u00e0cia i han cantat una can\u00e7\u00f3 d&#8217;en Bob Dylan.<\/p>\n<p><a href=\"https:\/\/photos.app.goo.gl\/pop6QXddARJyS0mN2\"><img loading=\"lazy\" decoding=\"async\" class=\"alignnone size-medium wp-image-2527\" src=\"http:\/\/agora.xtec.cat\/iesdelvoltreganes\/wp-content\/uploads\/usu618\/2017\/09\/IMG_8208-225x300.jpg\" alt=\"\" width=\"225\" height=\"300\" srcset=\"https:\/\/agora.xtec.cat\/iesdelvoltreganes\/wp-content\/uploads\/usu618\/2017\/09\/IMG_8208-225x300.jpg 225w, https:\/\/agora.xtec.cat\/iesdelvoltreganes\/wp-content\/uploads\/usu618\/2017\/09\/IMG_8208-768x1024.jpg 768w, https:\/\/agora.xtec.cat\/iesdelvoltreganes\/wp-content\/uploads\/usu618\/2017\/09\/IMG_8208.jpg 1224w\" sizes=\"auto, (max-width: 225px) 100vw, 225px\" \/><\/a><\/p>\n","protected":false},"excerpt":{"rendered":"<p>Dilluns dia 25 de setembre a l&#8217;hora del pati els alumnes de 2n de batxillerat han llegit uns textos sobre la democr\u00e0cia i han cantat una can\u00e7\u00f3 d&#8217;en Bob Dylan.<br \/>\n<a href=\"https:\/\/photos.app.goo.gl\/pop6QXddARJyS0mN2\"><\/a><\/p>\n","protected":false},"author":6,"featured_media":0,"comment_status":"closed","ping_status":"closed","sticky":false,"template":"","format":"standard","meta":{"_bbp_topic_count":0,"_bbp_reply_count":0,"_bbp_total_topic_count":0,"_bbp_total_reply_count":0,"_bbp_voice_count":0,"_bbp_anonymous_reply_count":0,"_bbp_topic_count_hidden":0,"_bbp_reply_count_hidden":0,"_bbp_forum_subforum_count":0,"footnotes":""},"categories":[1,29],"tags":[],"class_list":["post-2524","post","type-post","status-publish","format-standard","hentry","category-general","category-portada"],"post_mailing_queue_ids":[],"_links":{"self":[{"href":"https:\/\/agora.xtec.cat\/iesdelvoltreganes\/wp-json\/wp\/v2\/posts\/2524","targetHints":{"allow":["GET"]}}],"collection":[{"href":"https:\/\/agora.xtec.cat\/iesdelvoltreganes\/wp-json\/wp\/v2\/posts"}],"about":[{"href":"https:\/\/agora.xtec.cat\/iesdelvoltreganes\/wp-json\/wp\/v2\/types\/post"}],"author":[{"embeddable":true,"href":"https:\/\/agora.xtec.cat\/iesdelvoltreganes\/wp-json\/wp\/v2\/users\/6"}],"replies":[{"embeddable":true,"href":"https:\/\/agora.xtec.cat\/iesdelvoltreganes\/wp-json\/wp\/v2\/comments?post=2524"}],"version-history":[{"count":3,"href":"https:\/\/agora.xtec.cat\/iesdelvoltreganes\/wp-json\/wp\/v2\/posts\/2524\/revisions"}],"predecessor-version":[{"id":2530,"href":"https:\/\/agora.xtec.cat\/iesdelvoltreganes\/wp-json\/wp\/v2\/posts\/2524\/revisions\/2530"}],"wp:attachment":[{"href":"https:\/\/agora.xtec.cat\/iesdelvoltreganes\/wp-json\/wp\/v2\/media?parent=2524"}],"wp:term":[{"taxonomy":"category","embeddable":true,"href":"https:\/\/agora.xtec.cat\/iesdelvoltreganes\/wp-json\/wp\/v2\/categories?post=2524"},{"taxonomy":"post_tag","embeddable":true,"href":"https:\/\/agora.xtec.cat\/iesdelvoltreganes\/wp-json\/wp\/v2\/tags?post=2524"}],"curies":[{"name":"wp","href":"https:\/\/api.w.org\/{rel}","templated":true}]}}