{"id":2437,"date":"2017-07-19T16:55:35","date_gmt":"2017-07-19T14:55:35","guid":{"rendered":"http:\/\/agora.xtec.cat\/iesdelvoltreganes\/?p=2437"},"modified":"2019-04-12T13:18:15","modified_gmt":"2019-04-12T11:18:15","slug":"americanah","status":"publish","type":"post","link":"https:\/\/agora.xtec.cat\/iesdelvoltreganes\/llibres-recomanats\/americanah\/","title":{"rendered":"<em>Americanah<\/em>"},"content":{"rendered":"<p>Chimamanda Ngozi Adichie<br \/>\n<em>Americanah<\/em><br \/>\nLiteratura Random House<\/p>\n<p><a href=\"http:\/\/agora.xtec.cat\/iesdelvoltreganes\/wp-content\/uploads\/usu618\/2017\/07\/ameri.jpg\"><img loading=\"lazy\" decoding=\"async\" class=\"alignnone size-medium wp-image-2438\" src=\"http:\/\/agora.xtec.cat\/iesdelvoltreganes\/wp-content\/uploads\/usu618\/2017\/07\/ameri-189x300.jpg\" alt=\"\" width=\"189\" height=\"300\" srcset=\"https:\/\/agora.xtec.cat\/iesdelvoltreganes\/wp-content\/uploads\/usu618\/2017\/07\/ameri-189x300.jpg 189w, https:\/\/agora.xtec.cat\/iesdelvoltreganes\/wp-content\/uploads\/usu618\/2017\/07\/ameri-768x1217.jpg 768w, https:\/\/agora.xtec.cat\/iesdelvoltreganes\/wp-content\/uploads\/usu618\/2017\/07\/ameri-646x1024.jpg 646w, https:\/\/agora.xtec.cat\/iesdelvoltreganes\/wp-content\/uploads\/usu618\/2017\/07\/ameri.jpg 1070w\" sizes=\"auto, (max-width: 189px) 100vw, 189px\" \/><\/a><\/p>\n<p>Un llibre per a aquest estiu. Un llibre d&#8217;amor, d&#8217;immigraci\u00f3, de ra\u00e7a, de dones, escrit per una dona intel\u00b7ligent. La protagonista \u00e9s de Nig\u00e8ria i fins que no va anar als EUA no va entendre la paraula ra\u00e7a. Als Estats Units escriu un blog titulat <em>Ra\u00e7a o Curioses observacions a c\u00e0rrec d&#8217;una negra no estatutinenca\u00a0<\/em><em>sobre el tema de la negritud als Estats Units<\/em>, on en totes les entrades, d&#8217;una manera ir\u00f2nica, explica qu\u00e8 vol dir i qu\u00e8 comporta ser negra. L&#8217;ambient on\u00a0es mou -progres, universitaris, gent culta-\u00a0est\u00e0 molt ben retratat.<\/p>\n<p>El retrat que fa de l&#8217;\u00c0frica i dels nigerians de classe mitjana alta \u00e9s molt viu i prec\u00eds.<\/p>\n<p>Empar Barcons<\/p>\n","protected":false},"excerpt":{"rendered":"<p>Chimamanda Ngozi Adichie<br \/>\nAmericanah<br \/>\nLiteratura Random House<br \/>\n<a href=\"http:\/\/agora.xtec.cat\/iesdelvoltreganes\/wp-content\/uploads\/usu618\/2017\/07\/ameri.jpg\"><\/a><br \/>\nUn llibre per a aquest estiu. Un llibre d&#8217;amor, d&#8217;immigraci\u00f3, de ra\u00e7a, de dones, escrit per una dona intel\u00b7ligent. La protagonista \u00e9s de Nig\u00e8ria i fins que no va anar als EUA no va entendre la paraula ra\u00e7a. Als Estats&hellip;  <a href=\"https:\/\/agora.xtec.cat\/iesdelvoltreganes\/llibres-recomanats\/americanah\/\" title=\"Read <em>Americanah<\/em>&#8220;>Llegeix m\u00e9s\u00bb<\/a><\/p>\n","protected":false},"author":6,"featured_media":2438,"comment_status":"closed","ping_status":"closed","sticky":false,"template":"","format":"standard","meta":{"_bbp_topic_count":0,"_bbp_reply_count":0,"_bbp_total_topic_count":0,"_bbp_total_reply_count":0,"_bbp_voice_count":0,"_bbp_anonymous_reply_count":0,"_bbp_topic_count_hidden":0,"_bbp_reply_count_hidden":0,"_bbp_forum_subforum_count":0,"footnotes":""},"categories":[81],"tags":[82],"class_list":["post-2437","post","type-post","status-publish","format-standard","has-post-thumbnail","hentry","category-llibres-recomanats","tag-llibres"],"post_mailing_queue_ids":[],"_links":{"self":[{"href":"https:\/\/agora.xtec.cat\/iesdelvoltreganes\/wp-json\/wp\/v2\/posts\/2437","targetHints":{"allow":["GET"]}}],"collection":[{"href":"https:\/\/agora.xtec.cat\/iesdelvoltreganes\/wp-json\/wp\/v2\/posts"}],"about":[{"href":"https:\/\/agora.xtec.cat\/iesdelvoltreganes\/wp-json\/wp\/v2\/types\/post"}],"author":[{"embeddable":true,"href":"https:\/\/agora.xtec.cat\/iesdelvoltreganes\/wp-json\/wp\/v2\/users\/6"}],"replies":[{"embeddable":true,"href":"https:\/\/agora.xtec.cat\/iesdelvoltreganes\/wp-json\/wp\/v2\/comments?post=2437"}],"version-history":[{"count":3,"href":"https:\/\/agora.xtec.cat\/iesdelvoltreganes\/wp-json\/wp\/v2\/posts\/2437\/revisions"}],"predecessor-version":[{"id":3792,"href":"https:\/\/agora.xtec.cat\/iesdelvoltreganes\/wp-json\/wp\/v2\/posts\/2437\/revisions\/3792"}],"wp:featuredmedia":[{"embeddable":true,"href":"https:\/\/agora.xtec.cat\/iesdelvoltreganes\/wp-json\/wp\/v2\/media\/2438"}],"wp:attachment":[{"href":"https:\/\/agora.xtec.cat\/iesdelvoltreganes\/wp-json\/wp\/v2\/media?parent=2437"}],"wp:term":[{"taxonomy":"category","embeddable":true,"href":"https:\/\/agora.xtec.cat\/iesdelvoltreganes\/wp-json\/wp\/v2\/categories?post=2437"},{"taxonomy":"post_tag","embeddable":true,"href":"https:\/\/agora.xtec.cat\/iesdelvoltreganes\/wp-json\/wp\/v2\/tags?post=2437"}],"curies":[{"name":"wp","href":"https:\/\/api.w.org\/{rel}","templated":true}]}}