{"id":2405,"date":"2017-07-03T21:26:38","date_gmt":"2017-07-03T19:26:38","guid":{"rendered":"http:\/\/agora.xtec.cat\/iesdelvoltreganes\/?p=2405"},"modified":"2017-10-09T13:47:11","modified_gmt":"2017-10-09T11:47:11","slug":"reunio-pares-1r-deso","status":"publish","type":"post","link":"https:\/\/agora.xtec.cat\/iesdelvoltreganes\/general\/reunio-pares-1r-deso\/","title":{"rendered":"Reuni\u00f3 de pares inici de curs 2017-2018"},"content":{"rendered":"<ul>\n<li><a href=\"https:\/\/drive.google.com\/file\/d\/0B-t4vBsl7WldTXpfbmhMVERqamc\/view?usp=sharing\" target=\"_blank\" rel=\"noopener noreferrer\">Informaci\u00f3 i autoritzaci\u00f3 estada ling\u00fc\u00edstica a Anglaterra<\/a><\/li>\n<li><a href=\"https:\/\/drive.google.com\/file\/d\/0B-t4vBsl7WldaEFYQldhaFY3Qk0\/view?usp=sharing\" target=\"_blank\" rel=\"noopener noreferrer\">Informaci\u00f3 i autoritzaci\u00f3 esquiada a la Masella<\/a><\/li>\n<\/ul>\n<h2><b>Dijous 5 d&#8217;octubre a les\u00a0<\/b><b>18:00h<\/b><\/h2>\n<h2><b>Tot seguit reuni\u00f3 d&#8217;estada ling\u00fc\u00edstica a Anglaterra i reuni\u00f3 de l&#8217;esquiada a la Masella<\/b><\/h2>\n<p>&nbsp;<\/p>\n","protected":false},"excerpt":{"rendered":"<ul>\n<li><a href=\"https:\/\/drive.google.com\/file\/d\/0B-t4vBsl7WldTXpfbmhMVERqamc\/view?usp=sharing\" target=\"_blank\" rel=\"noopener noreferrer\">Informaci\u00f3 i autoritzaci\u00f3 estada ling\u00fc\u00edstica a Anglaterra<\/a><\/li>\n<li><a href=\"https:\/\/drive.google.com\/file\/d\/0B-t4vBsl7WldaEFYQldhaFY3Qk0\/view?usp=sharing\" target=\"_blank\" rel=\"noopener noreferrer\">Informaci\u00f3 i autoritzaci\u00f3 esquiada a la Masella<\/a><\/li>\n<\/ul>\n<p>Dijous 5 d&#8217;octubre a les\u00a018:00h<br \/>\nTot seguit reuni\u00f3 d&#8217;estada ling\u00fc\u00edstica a Anglaterra i reuni\u00f3 de l&#8217;esquiada a la Masella<br \/>\n&nbsp;<\/p>\n","protected":false},"author":6,"featured_media":0,"comment_status":"closed","ping_status":"closed","sticky":false,"template":"","format":"standard","meta":{"_bbp_topic_count":0,"_bbp_reply_count":0,"_bbp_total_topic_count":0,"_bbp_total_reply_count":0,"_bbp_voice_count":0,"_bbp_anonymous_reply_count":0,"_bbp_topic_count_hidden":0,"_bbp_reply_count_hidden":0,"_bbp_forum_subforum_count":0,"footnotes":""},"categories":[1,29],"tags":[],"class_list":["post-2405","post","type-post","status-publish","format-standard","hentry","category-general","category-portada"],"post_mailing_queue_ids":[],"_links":{"self":[{"href":"https:\/\/agora.xtec.cat\/iesdelvoltreganes\/wp-json\/wp\/v2\/posts\/2405","targetHints":{"allow":["GET"]}}],"collection":[{"href":"https:\/\/agora.xtec.cat\/iesdelvoltreganes\/wp-json\/wp\/v2\/posts"}],"about":[{"href":"https:\/\/agora.xtec.cat\/iesdelvoltreganes\/wp-json\/wp\/v2\/types\/post"}],"author":[{"embeddable":true,"href":"https:\/\/agora.xtec.cat\/iesdelvoltreganes\/wp-json\/wp\/v2\/users\/6"}],"replies":[{"embeddable":true,"href":"https:\/\/agora.xtec.cat\/iesdelvoltreganes\/wp-json\/wp\/v2\/comments?post=2405"}],"version-history":[{"count":3,"href":"https:\/\/agora.xtec.cat\/iesdelvoltreganes\/wp-json\/wp\/v2\/posts\/2405\/revisions"}],"predecessor-version":[{"id":2543,"href":"https:\/\/agora.xtec.cat\/iesdelvoltreganes\/wp-json\/wp\/v2\/posts\/2405\/revisions\/2543"}],"wp:attachment":[{"href":"https:\/\/agora.xtec.cat\/iesdelvoltreganes\/wp-json\/wp\/v2\/media?parent=2405"}],"wp:term":[{"taxonomy":"category","embeddable":true,"href":"https:\/\/agora.xtec.cat\/iesdelvoltreganes\/wp-json\/wp\/v2\/categories?post=2405"},{"taxonomy":"post_tag","embeddable":true,"href":"https:\/\/agora.xtec.cat\/iesdelvoltreganes\/wp-json\/wp\/v2\/tags?post=2405"}],"curies":[{"name":"wp","href":"https:\/\/api.w.org\/{rel}","templated":true}]}}