{"id":2373,"date":"2017-06-20T12:43:05","date_gmt":"2017-06-20T10:43:05","guid":{"rendered":"http:\/\/agora.xtec.cat\/iesdelvoltreganes\/?p=2373"},"modified":"2019-04-12T13:18:54","modified_gmt":"2019-04-12T11:18:54","slug":"el-noi-del-pijama-de-ratlles","status":"publish","type":"post","link":"https:\/\/agora.xtec.cat\/iesdelvoltreganes\/general\/el-noi-del-pijama-de-ratlles\/","title":{"rendered":"<em>El noi del pijama de ratlles<\/em>"},"content":{"rendered":"<p>John Boyne<br \/>\n<i>El noi del pijama de ratlles<\/i><br \/>\nlabutxaca<\/p>\n<p><a href=\"http:\/\/agora.xtec.cat\/iesdelvoltreganes\/wp-content\/uploads\/usu618\/2017\/06\/9788499300146.jpg\"><img loading=\"lazy\" decoding=\"async\" class=\"alignnone wp-image-2374 size-medium\" src=\"http:\/\/agora.xtec.cat\/iesdelvoltreganes\/wp-content\/uploads\/usu618\/2017\/06\/9788499300146-191x300.jpg\" alt=\"9788499300146\" width=\"191\" height=\"300\" srcset=\"https:\/\/agora.xtec.cat\/iesdelvoltreganes\/wp-content\/uploads\/usu618\/2017\/06\/9788499300146-191x300.jpg 191w, https:\/\/agora.xtec.cat\/iesdelvoltreganes\/wp-content\/uploads\/usu618\/2017\/06\/9788499300146-768x1206.jpg 768w, https:\/\/agora.xtec.cat\/iesdelvoltreganes\/wp-content\/uploads\/usu618\/2017\/06\/9788499300146-652x1024.jpg 652w, https:\/\/agora.xtec.cat\/iesdelvoltreganes\/wp-content\/uploads\/usu618\/2017\/06\/9788499300146.jpg 1274w\" sizes=\"auto, (max-width: 191px) 100vw, 191px\" \/><\/a><br \/>\n\u201cUn llibre emocionant i impactant\u201d, aquestes s\u00f3n les sensacions d\u2019algunes persones tant bon punt han acabat de llegir <em>El Noi del Pijama de Ratlles<\/em>.<br \/>\nL\u2019hist\u00f2ria s\u2019inicia al 1942 a Berl\u00edn, en plena Segona Guerra Mundial, en una fam\u00edlia benestant i d\u2019ideologia nazi, que per exig\u00e8ncies del pare de la fam\u00edlia (que \u00e9s un alt dirigent nazi) es veuen obligats a deixar la capital i dirigir-se a una casa en un lloc on Bruno, el nen petit de la fam\u00edlia l\u2019anomena Out-With, que no \u00e9s ni m\u00e9s ni menys que el cap de concentraci\u00f3 Auschwitz. Un dia, en Bruno es dedica a inspeccionar tot el que hi ha al voltant de la casa, perqu\u00e8 s\u2019avorreix molt\u00edssim en aquell indret abandonat. De cop i volta, es troba una balla met\u00e0l\u00b7lica, on a l\u2019interior d\u2019aquell terreny tancat hi ha persones vestides d\u2019una forma molt peculiar, amb una pijama de ratlles, d\u2019aqu\u00ed el nom del llibre i la pel\u00b7l\u00edcula. Uns dies m\u00e9s tard, coneix un noi jueu de 8 anys anomenat Shamuel. Despr\u00e9s d\u2019anar-lo a veure bastantes vegades i de portar-li menjar, es converteix amb el noi que t\u00e9 m\u00e9s amistat. Bruno a poc a poc anir\u00e0 descobrint tot el que passa, tot el que \u00e9s aquell muntatge i qui ho dirigeix.<br \/>\nAix\u00f2 nom\u00e9s \u00e9s una petita pinzellada d\u2019aquest gran llibre. A m\u00e9s a m\u00e9s, us puc assegurar que el final \u00e9s molt inesperat.<br \/>\nEl llibre ens explica els fets de forma totalment directe, \u00e9s a dir, \u00e9s un llibre de comprensi\u00f3 molt f\u00e0cil, i el m\u00e9s interessant \u00e9s que est\u00e0 basat en fets reals.<br \/>\nRecomanaria aquest llibre a totes aquelles persones curioses i que vulguin gaudir d\u2019una gran lectura i de qualitat.<\/p>\n<p>Pol Baraza Curtichs<\/p>\n","protected":false},"excerpt":{"rendered":"<p>John Boyne<br \/>\nEl noi del pijama de ratlles<br \/>\nlabutxaca<br \/>\n<a href=\"http:\/\/agora.xtec.cat\/iesdelvoltreganes\/wp-content\/uploads\/usu618\/2017\/06\/9788499300146.jpg\"><\/a><br \/>\n\u201cUn llibre emocionant i impactant\u201d, aquestes s\u00f3n les sensacions d\u2019algunes persones tant bon punt han acabat de llegir El Noi del Pijama de Ratlles.<br \/>\nL\u2019hist\u00f2ria s\u2019inicia al 1942 a Berl\u00edn, en plena Segona Guerra Mundial, en una fam\u00edlia benestant&hellip;  <a href=\"https:\/\/agora.xtec.cat\/iesdelvoltreganes\/general\/el-noi-del-pijama-de-ratlles\/\" title=\"Read <em>El noi del pijama de ratlles<\/em>&#8220;>Llegeix m\u00e9s\u00bb<\/a><\/p>\n","protected":false},"author":6,"featured_media":2374,"comment_status":"closed","ping_status":"closed","sticky":false,"template":"","format":"standard","meta":{"_bbp_topic_count":0,"_bbp_reply_count":0,"_bbp_total_topic_count":0,"_bbp_total_reply_count":0,"_bbp_voice_count":0,"_bbp_anonymous_reply_count":0,"_bbp_topic_count_hidden":0,"_bbp_reply_count_hidden":0,"_bbp_forum_subforum_count":0,"footnotes":""},"categories":[81,1],"tags":[82],"class_list":["post-2373","post","type-post","status-publish","format-standard","has-post-thumbnail","hentry","category-llibres-recomanats","category-general","tag-llibres"],"post_mailing_queue_ids":[],"_links":{"self":[{"href":"https:\/\/agora.xtec.cat\/iesdelvoltreganes\/wp-json\/wp\/v2\/posts\/2373","targetHints":{"allow":["GET"]}}],"collection":[{"href":"https:\/\/agora.xtec.cat\/iesdelvoltreganes\/wp-json\/wp\/v2\/posts"}],"about":[{"href":"https:\/\/agora.xtec.cat\/iesdelvoltreganes\/wp-json\/wp\/v2\/types\/post"}],"author":[{"embeddable":true,"href":"https:\/\/agora.xtec.cat\/iesdelvoltreganes\/wp-json\/wp\/v2\/users\/6"}],"replies":[{"embeddable":true,"href":"https:\/\/agora.xtec.cat\/iesdelvoltreganes\/wp-json\/wp\/v2\/comments?post=2373"}],"version-history":[{"count":3,"href":"https:\/\/agora.xtec.cat\/iesdelvoltreganes\/wp-json\/wp\/v2\/posts\/2373\/revisions"}],"predecessor-version":[{"id":3793,"href":"https:\/\/agora.xtec.cat\/iesdelvoltreganes\/wp-json\/wp\/v2\/posts\/2373\/revisions\/3793"}],"wp:featuredmedia":[{"embeddable":true,"href":"https:\/\/agora.xtec.cat\/iesdelvoltreganes\/wp-json\/wp\/v2\/media\/2374"}],"wp:attachment":[{"href":"https:\/\/agora.xtec.cat\/iesdelvoltreganes\/wp-json\/wp\/v2\/media?parent=2373"}],"wp:term":[{"taxonomy":"category","embeddable":true,"href":"https:\/\/agora.xtec.cat\/iesdelvoltreganes\/wp-json\/wp\/v2\/categories?post=2373"},{"taxonomy":"post_tag","embeddable":true,"href":"https:\/\/agora.xtec.cat\/iesdelvoltreganes\/wp-json\/wp\/v2\/tags?post=2373"}],"curies":[{"name":"wp","href":"https:\/\/api.w.org\/{rel}","templated":true}]}}