{"id":2307,"date":"2017-06-15T09:29:34","date_gmt":"2017-06-15T07:29:34","guid":{"rendered":"http:\/\/agora.xtec.cat\/iesdelvoltreganes\/?p=2307"},"modified":"2017-06-19T08:52:51","modified_gmt":"2017-06-19T06:52:51","slug":"projecte-a-la-carta","status":"publish","type":"post","link":"https:\/\/agora.xtec.cat\/iesdelvoltreganes\/general\/projecte-a-la-carta\/","title":{"rendered":"Projecte a la carta"},"content":{"rendered":"<p><a href=\"https:\/\/goo.gl\/photos\/gsBdERzStur1ZHUX8\" target=\"_blank\"><img loading=\"lazy\" decoding=\"async\" class=\"alignnone wp-image-2309 size-medium\" src=\"http:\/\/agora.xtec.cat\/iesdelvoltreganes\/wp-content\/uploads\/usu618\/2017\/06\/DSC_1387-300x199.jpg\" alt=\"DSC_1387\" width=\"300\" height=\"199\" srcset=\"https:\/\/agora.xtec.cat\/iesdelvoltreganes\/wp-content\/uploads\/usu618\/2017\/06\/DSC_1387-300x199.jpg 300w, https:\/\/agora.xtec.cat\/iesdelvoltreganes\/wp-content\/uploads\/usu618\/2017\/06\/DSC_1387-768x511.jpg 768w, https:\/\/agora.xtec.cat\/iesdelvoltreganes\/wp-content\/uploads\/usu618\/2017\/06\/DSC_1387-1024x681.jpg 1024w, https:\/\/agora.xtec.cat\/iesdelvoltreganes\/wp-content\/uploads\/usu618\/2017\/06\/DSC_1387.jpg 1504w\" sizes=\"auto, (max-width: 300px) 100vw, 300px\" \/><\/a><\/p>\n<p>Els alumnes de 3r d&#8217;ESO aquest \u00faltim trimestre un dia a la setmana durant dues hores han estat treballant en grups cooperatius el projecte &#8220;A la carta&#8221;. Aquest projecte ha consistit en la creaci\u00f3 d&#8217;un restaurant. L&#8217;\u00fanica consigna que se\u2019ls va donar va ser que havien de posar en pr\u00e0ctica totes les compet\u00e8ncies, coneixements i habilitats que ja tenien i que havien adquirit al llarg del curs, que al final havien d\u2019entregar una mem\u00f2ria escrita on es recoll\u00eds el seu proc\u00e9s d&#8217;aprenentatge i un producte final d&#8217;algun aspecte a destacar del restaurant. L\u2019\u00faltim dia tamb\u00e9 havien de fer una breu exposici\u00f3 oral explicant tot el proc\u00e9s i presentant el seu restaurant.<br \/>\nLa metodologia emprada en aquest treball ha estat la del treball per projectes on en primer lloc els membres del grup van fer una pluja d\u2019idees de com podia ser el seu restaurant. Despr\u00e9s de totes aquestes van escollir la que m\u00e9s els va conv\u00e8ncer i van comen\u00e7ar a dissenyar com seria, \u00e9s a dir, la seva localitzaci\u00f3, quin tipus de menjar s\u2019hi faria, quins recursos humans i materials necessitarien, impacte mediambiental, publicitat i m\u00e0rqueting, etc. En segon lloc van pensar quin seria el producte final que presentarien el dia de l\u2019exposici\u00f3 perqu\u00e8 represent\u00e9s el seu restaurant. Un cop decidit tot aix\u00f2 l\u2019\u00fanic que els quedava era organitzar-se i planificar-se totes les sessions perqu\u00e8 poguessin aconseguir tots els objectius que s\u2019havien proposat.<br \/>\nLa veritat \u00e9s que el resultat ha estat molt sorprenent i hem pogut veure els alumnes motivats i engrescats desenvolupant la seva creativitat.<\/p>\n","protected":false},"excerpt":{"rendered":"<p><a href=\"https:\/\/goo.gl\/photos\/gsBdERzStur1ZHUX8\" target=\"_blank\"><\/a><br \/>\nEls alumnes de 3r d&#8217;ESO aquest \u00faltim trimestre un dia a la setmana durant dues hores han estat treballant en grups cooperatius el projecte &#8220;A la carta&#8221;. Aquest projecte ha consistit en la creaci\u00f3 d&#8217;un restaurant. L&#8217;\u00fanica consigna que se\u2019ls va donar va&hellip;  <a href=\"https:\/\/agora.xtec.cat\/iesdelvoltreganes\/general\/projecte-a-la-carta\/\" title=\"Read Projecte a la carta\">Llegeix m\u00e9s\u00bb<\/a><\/p>\n","protected":false},"author":6,"featured_media":0,"comment_status":"closed","ping_status":"closed","sticky":false,"template":"","format":"standard","meta":{"_bbp_topic_count":0,"_bbp_reply_count":0,"_bbp_total_topic_count":0,"_bbp_total_reply_count":0,"_bbp_voice_count":0,"_bbp_anonymous_reply_count":0,"_bbp_topic_count_hidden":0,"_bbp_reply_count_hidden":0,"_bbp_forum_subforum_count":0,"footnotes":""},"categories":[6,1,29],"tags":[87],"class_list":["post-2307","post","type-post","status-publish","format-standard","hentry","category-eso-3","category-general","category-portada","tag-projectes"],"post_mailing_queue_ids":[],"_links":{"self":[{"href":"https:\/\/agora.xtec.cat\/iesdelvoltreganes\/wp-json\/wp\/v2\/posts\/2307","targetHints":{"allow":["GET"]}}],"collection":[{"href":"https:\/\/agora.xtec.cat\/iesdelvoltreganes\/wp-json\/wp\/v2\/posts"}],"about":[{"href":"https:\/\/agora.xtec.cat\/iesdelvoltreganes\/wp-json\/wp\/v2\/types\/post"}],"author":[{"embeddable":true,"href":"https:\/\/agora.xtec.cat\/iesdelvoltreganes\/wp-json\/wp\/v2\/users\/6"}],"replies":[{"embeddable":true,"href":"https:\/\/agora.xtec.cat\/iesdelvoltreganes\/wp-json\/wp\/v2\/comments?post=2307"}],"version-history":[{"count":3,"href":"https:\/\/agora.xtec.cat\/iesdelvoltreganes\/wp-json\/wp\/v2\/posts\/2307\/revisions"}],"predecessor-version":[{"id":2366,"href":"https:\/\/agora.xtec.cat\/iesdelvoltreganes\/wp-json\/wp\/v2\/posts\/2307\/revisions\/2366"}],"wp:attachment":[{"href":"https:\/\/agora.xtec.cat\/iesdelvoltreganes\/wp-json\/wp\/v2\/media?parent=2307"}],"wp:term":[{"taxonomy":"category","embeddable":true,"href":"https:\/\/agora.xtec.cat\/iesdelvoltreganes\/wp-json\/wp\/v2\/categories?post=2307"},{"taxonomy":"post_tag","embeddable":true,"href":"https:\/\/agora.xtec.cat\/iesdelvoltreganes\/wp-json\/wp\/v2\/tags?post=2307"}],"curies":[{"name":"wp","href":"https:\/\/api.w.org\/{rel}","templated":true}]}}