{"id":2299,"date":"2017-06-08T10:21:23","date_gmt":"2017-06-08T08:21:23","guid":{"rendered":"http:\/\/agora.xtec.cat\/iesdelvoltreganes\/?p=2299"},"modified":"2017-08-31T15:34:33","modified_gmt":"2017-08-31T13:34:33","slug":"lapbook-sobre-lenergia-2","status":"publish","type":"post","link":"https:\/\/agora.xtec.cat\/iesdelvoltreganes\/general\/lapbook-sobre-lenergia-2\/","title":{"rendered":"Lapbook sobre l&#8217;energia"},"content":{"rendered":"<p>Els alumnes de 2n d&#8217;ESO han dissenyat un lapbook sobre els tipus d\u2019energia. Hem dividit el grup classe de manera que hi hagu\u00e9s representades totes les energies que van sortir a la pel\u00b7l\u00edcula-documental 3D que vam anar a veure a Vic sobre les energies (solar, mareomotriu, hidr\u00e0ulica, e\u00f2lica, de biomassa, geot\u00e8rmica, etc). El lapbook havia de recollir com a m\u00ednim la informaci\u00f3 seg\u00fcent: definici\u00f3 del tipus d\u2019energia, funcionament de la planta d&#8217;energia, tipus de font d&#8217;energia (renovable o no renovable), i avantatges i desavantages de cada una. A continuaci\u00f3 podeu veure els treballs que en van sortir:<\/p>\n<p><a href=\"https:\/\/goo.gl\/photos\/sgYu9xNZj6d3ud8x6\" target=\"_blank\" rel=\"noopener noreferrer\"><img loading=\"lazy\" decoding=\"async\" class=\"wp-image-2305 size-medium aligncenter\" src=\"http:\/\/agora.xtec.cat\/iesdelvoltreganes\/wp-content\/uploads\/usu618\/2017\/06\/IMG_6729-300x169.jpg\" alt=\"IMG_6729\" width=\"300\" height=\"169\" srcset=\"https:\/\/agora.xtec.cat\/iesdelvoltreganes\/wp-content\/uploads\/usu618\/2017\/06\/IMG_6729-300x169.jpg 300w, https:\/\/agora.xtec.cat\/iesdelvoltreganes\/wp-content\/uploads\/usu618\/2017\/06\/IMG_6729-768x432.jpg 768w, https:\/\/agora.xtec.cat\/iesdelvoltreganes\/wp-content\/uploads\/usu618\/2017\/06\/IMG_6729-1024x576.jpg 1024w, https:\/\/agora.xtec.cat\/iesdelvoltreganes\/wp-content\/uploads\/usu618\/2017\/06\/IMG_6729.jpg 1600w\" sizes=\"auto, (max-width: 300px) 100vw, 300px\" \/><\/a><\/p>\n","protected":false},"excerpt":{"rendered":"<p>Els alumnes de 2n d&#8217;ESO han dissenyat un lapbook sobre els tipus d\u2019energia. Hem dividit el grup classe de manera que hi hagu\u00e9s representades totes les energies que van sortir a la pel\u00b7l\u00edcula-documental 3D que vam anar a veure a Vic sobre les energies (solar,&hellip;  <a href=\"https:\/\/agora.xtec.cat\/iesdelvoltreganes\/general\/lapbook-sobre-lenergia-2\/\" title=\"Read Lapbook sobre l&#8217;energia\">Llegeix m\u00e9s\u00bb<\/a><\/p>\n","protected":false},"author":6,"featured_media":2305,"comment_status":"closed","ping_status":"closed","sticky":false,"template":"","format":"standard","meta":{"_bbp_topic_count":0,"_bbp_reply_count":0,"_bbp_total_topic_count":0,"_bbp_total_reply_count":0,"_bbp_voice_count":0,"_bbp_anonymous_reply_count":0,"_bbp_topic_count_hidden":0,"_bbp_reply_count_hidden":0,"_bbp_forum_subforum_count":0,"footnotes":""},"categories":[5,1,64],"tags":[],"class_list":["post-2299","post","type-post","status-publish","format-standard","has-post-thumbnail","hentry","category-eso-2","category-general","category-tecnologia"],"post_mailing_queue_ids":[],"_links":{"self":[{"href":"https:\/\/agora.xtec.cat\/iesdelvoltreganes\/wp-json\/wp\/v2\/posts\/2299","targetHints":{"allow":["GET"]}}],"collection":[{"href":"https:\/\/agora.xtec.cat\/iesdelvoltreganes\/wp-json\/wp\/v2\/posts"}],"about":[{"href":"https:\/\/agora.xtec.cat\/iesdelvoltreganes\/wp-json\/wp\/v2\/types\/post"}],"author":[{"embeddable":true,"href":"https:\/\/agora.xtec.cat\/iesdelvoltreganes\/wp-json\/wp\/v2\/users\/6"}],"replies":[{"embeddable":true,"href":"https:\/\/agora.xtec.cat\/iesdelvoltreganes\/wp-json\/wp\/v2\/comments?post=2299"}],"version-history":[{"count":3,"href":"https:\/\/agora.xtec.cat\/iesdelvoltreganes\/wp-json\/wp\/v2\/posts\/2299\/revisions"}],"predecessor-version":[{"id":2461,"href":"https:\/\/agora.xtec.cat\/iesdelvoltreganes\/wp-json\/wp\/v2\/posts\/2299\/revisions\/2461"}],"wp:featuredmedia":[{"embeddable":true,"href":"https:\/\/agora.xtec.cat\/iesdelvoltreganes\/wp-json\/wp\/v2\/media\/2305"}],"wp:attachment":[{"href":"https:\/\/agora.xtec.cat\/iesdelvoltreganes\/wp-json\/wp\/v2\/media?parent=2299"}],"wp:term":[{"taxonomy":"category","embeddable":true,"href":"https:\/\/agora.xtec.cat\/iesdelvoltreganes\/wp-json\/wp\/v2\/categories?post=2299"},{"taxonomy":"post_tag","embeddable":true,"href":"https:\/\/agora.xtec.cat\/iesdelvoltreganes\/wp-json\/wp\/v2\/tags?post=2299"}],"curies":[{"name":"wp","href":"https:\/\/api.w.org\/{rel}","templated":true}]}}