{"id":2239,"date":"2017-04-25T12:54:03","date_gmt":"2017-04-25T10:54:03","guid":{"rendered":"http:\/\/agora.xtec.cat\/iesdelvoltreganes\/?p=2239"},"modified":"2017-05-05T12:57:14","modified_gmt":"2017-05-05T10:57:14","slug":"conferencia-salvador-macip","status":"publish","type":"post","link":"https:\/\/agora.xtec.cat\/iesdelvoltreganes\/general\/conferencia-salvador-macip\/","title":{"rendered":"Confer\u00e8ncia Salvador Macip"},"content":{"rendered":"<p>El dimecres dia 19 d\u2019abril els alumnes de 1r de batxillerat i els de 2n de batxillerat cient\u00edfic v\u00e0rem assistir a una confer\u00e8ncia d\u2019en Salvador Macip a la Universitat de Vic.<br \/>\nEn Salvador Macip \u00e9s doctor en gen\u00e8tica molecular i ha escrit diverses novel\u2022les i assajos que tenen un paper important en la divulgaci\u00f3 cient\u00edfica.<br \/>\nEl dr. Macip ens va parlar de la seva recerca de com evitar l\u2019envelliment. Va comen\u00e7ar definint l\u2019envelliment com la degradaci\u00f3 progressiva dels teixits que segreguen algunes subst\u00e0ncies no desitjades per les c\u00e8l\u2022lules del seu voltant.<br \/>\nA continuaci\u00f3 ens va parlar d\u2019un f\u00e0rmac que ha desenvolupat amb el seu equip i que \u00e9s capa\u00e7 de millorar les capacitats f\u00edsiques i mentals que es van perdent amb l\u2019edat. De moment s\u2019 han fet experiments amb mosques i ratolins i no sempre han mostrat que es pugui allargar la vida.<br \/>\nA partir d\u2019aqu\u00ed, el dr. Macip ens va fer reflexionar sobre les conseq\u00fc\u00e8ncies que podria tenir el fet de viure m\u00e9s temps i es va acabar amb un debat on es van plantejar q\u00fcestions com ara: Qui tindria acc\u00e9s als f\u00e0rmacs que \u201cet fan tornar jove\u201d? No hi ha prou persones en aquest m\u00f3n com per fer que visquin m\u00e9s temps?<\/p>\n<p>N\u00faria Vilar\u00f3 Yuste<br \/>\n1r Batxillerat B<br \/>\n<a href=\"http:\/\/agora.xtec.cat\/iesdelvoltreganes\/wp-content\/uploads\/usu618\/2017\/05\/foto-alumnes-de-batxillerat-amb-en-Salvador-Macip.jpg\"><img loading=\"lazy\" decoding=\"async\" class=\"alignnone size-medium wp-image-2240\" src=\"http:\/\/agora.xtec.cat\/iesdelvoltreganes\/wp-content\/uploads\/usu618\/2017\/05\/foto-alumnes-de-batxillerat-amb-en-Salvador-Macip-300x191.jpg\" alt=\"foto alumnes de batxillerat amb en Salvador Macip\" width=\"300\" height=\"191\" \/><\/a><\/p>\n","protected":false},"excerpt":{"rendered":"<p>El dimecres dia 19 d\u2019abril els alumnes de 1r de batxillerat i els de 2n de batxillerat cient\u00edfic v\u00e0rem assistir a una confer\u00e8ncia d\u2019en Salvador Macip a la Universitat de Vic.<br \/>\nEn Salvador Macip \u00e9s doctor en gen\u00e8tica molecular i ha escrit diverses novel\u2022les i assajos&hellip;  <a href=\"https:\/\/agora.xtec.cat\/iesdelvoltreganes\/general\/conferencia-salvador-macip\/\" title=\"Read Confer\u00e8ncia Salvador Macip\">Llegeix m\u00e9s\u00bb<\/a><\/p>\n","protected":false},"author":6,"featured_media":2240,"comment_status":"open","ping_status":"open","sticky":false,"template":"","format":"standard","meta":{"_bbp_topic_count":0,"_bbp_reply_count":0,"_bbp_total_topic_count":0,"_bbp_total_reply_count":0,"_bbp_voice_count":0,"_bbp_anonymous_reply_count":0,"_bbp_topic_count_hidden":0,"_bbp_reply_count_hidden":0,"_bbp_forum_subforum_count":0,"footnotes":""},"categories":[8,65,1,29],"tags":[44],"class_list":["post-2239","post","type-post","status-publish","format-standard","has-post-thumbnail","hentry","category-batxillerat","category-ciencies-experimentals","category-general","category-portada","tag-xerrades"],"post_mailing_queue_ids":[],"_links":{"self":[{"href":"https:\/\/agora.xtec.cat\/iesdelvoltreganes\/wp-json\/wp\/v2\/posts\/2239","targetHints":{"allow":["GET"]}}],"collection":[{"href":"https:\/\/agora.xtec.cat\/iesdelvoltreganes\/wp-json\/wp\/v2\/posts"}],"about":[{"href":"https:\/\/agora.xtec.cat\/iesdelvoltreganes\/wp-json\/wp\/v2\/types\/post"}],"author":[{"embeddable":true,"href":"https:\/\/agora.xtec.cat\/iesdelvoltreganes\/wp-json\/wp\/v2\/users\/6"}],"replies":[{"embeddable":true,"href":"https:\/\/agora.xtec.cat\/iesdelvoltreganes\/wp-json\/wp\/v2\/comments?post=2239"}],"version-history":[{"count":1,"href":"https:\/\/agora.xtec.cat\/iesdelvoltreganes\/wp-json\/wp\/v2\/posts\/2239\/revisions"}],"predecessor-version":[{"id":2241,"href":"https:\/\/agora.xtec.cat\/iesdelvoltreganes\/wp-json\/wp\/v2\/posts\/2239\/revisions\/2241"}],"wp:featuredmedia":[{"embeddable":true,"href":"https:\/\/agora.xtec.cat\/iesdelvoltreganes\/wp-json\/wp\/v2\/media\/2240"}],"wp:attachment":[{"href":"https:\/\/agora.xtec.cat\/iesdelvoltreganes\/wp-json\/wp\/v2\/media?parent=2239"}],"wp:term":[{"taxonomy":"category","embeddable":true,"href":"https:\/\/agora.xtec.cat\/iesdelvoltreganes\/wp-json\/wp\/v2\/categories?post=2239"},{"taxonomy":"post_tag","embeddable":true,"href":"https:\/\/agora.xtec.cat\/iesdelvoltreganes\/wp-json\/wp\/v2\/tags?post=2239"}],"curies":[{"name":"wp","href":"https:\/\/api.w.org\/{rel}","templated":true}]}}