{"id":2222,"date":"2017-05-04T23:16:32","date_gmt":"2017-05-04T21:16:32","guid":{"rendered":"http:\/\/agora.xtec.cat\/iesdelvoltreganes\/?p=2222"},"modified":"2017-05-19T10:27:54","modified_gmt":"2017-05-19T08:27:54","slug":"reunions-4t-deso-i-batxillerat","status":"publish","type":"post","link":"https:\/\/agora.xtec.cat\/iesdelvoltreganes\/general\/reunions-4t-deso-i-batxillerat\/","title":{"rendered":"Reunions informatives de 4t d&#8217;ESO i batxillerat"},"content":{"rendered":"<p>Reuni\u00f3 informativa del viatge de fi d&#8217;etapa per a les fam\u00edlies de 4t d&#8217;ESO de l&#8217;institut del Voltregan\u00e8s el divendres 12 de maig vinent a les 18:00 h<\/p>\n<p>Reuni\u00f3 informativa de batxillerat 2017-2018 a l&#8217;institut del Voltregan\u00e8s el divendres 12 de maig vinent a les 18:30 h<\/p>\n","protected":false},"excerpt":{"rendered":"<p>Reuni\u00f3 informativa del viatge de fi d&#8217;etapa per a les fam\u00edlies de 4t d&#8217;ESO de l&#8217;institut del Voltregan\u00e8s el divendres 12 de maig vinent a les 18:00 h<br \/>\nReuni\u00f3 informativa de batxillerat 2017-2018 a l&#8217;institut del Voltregan\u00e8s el divendres 12 de maig vinent a les 18:30&hellip;  <a href=\"https:\/\/agora.xtec.cat\/iesdelvoltreganes\/general\/reunions-4t-deso-i-batxillerat\/\" title=\"Read Reunions informatives de 4t d&#8217;ESO i batxillerat\">Llegeix m\u00e9s\u00bb<\/a><\/p>\n","protected":false},"author":6,"featured_media":0,"comment_status":"open","ping_status":"open","sticky":false,"template":"","format":"standard","meta":{"_bbp_topic_count":0,"_bbp_reply_count":0,"_bbp_total_topic_count":0,"_bbp_total_reply_count":0,"_bbp_voice_count":0,"_bbp_anonymous_reply_count":0,"_bbp_topic_count_hidden":0,"_bbp_reply_count_hidden":0,"_bbp_forum_subforum_count":0,"footnotes":""},"categories":[1,29],"tags":[],"class_list":["post-2222","post","type-post","status-publish","format-standard","hentry","category-general","category-portada"],"post_mailing_queue_ids":[],"_links":{"self":[{"href":"https:\/\/agora.xtec.cat\/iesdelvoltreganes\/wp-json\/wp\/v2\/posts\/2222","targetHints":{"allow":["GET"]}}],"collection":[{"href":"https:\/\/agora.xtec.cat\/iesdelvoltreganes\/wp-json\/wp\/v2\/posts"}],"about":[{"href":"https:\/\/agora.xtec.cat\/iesdelvoltreganes\/wp-json\/wp\/v2\/types\/post"}],"author":[{"embeddable":true,"href":"https:\/\/agora.xtec.cat\/iesdelvoltreganes\/wp-json\/wp\/v2\/users\/6"}],"replies":[{"embeddable":true,"href":"https:\/\/agora.xtec.cat\/iesdelvoltreganes\/wp-json\/wp\/v2\/comments?post=2222"}],"version-history":[{"count":3,"href":"https:\/\/agora.xtec.cat\/iesdelvoltreganes\/wp-json\/wp\/v2\/posts\/2222\/revisions"}],"predecessor-version":[{"id":2231,"href":"https:\/\/agora.xtec.cat\/iesdelvoltreganes\/wp-json\/wp\/v2\/posts\/2222\/revisions\/2231"}],"wp:attachment":[{"href":"https:\/\/agora.xtec.cat\/iesdelvoltreganes\/wp-json\/wp\/v2\/media?parent=2222"}],"wp:term":[{"taxonomy":"category","embeddable":true,"href":"https:\/\/agora.xtec.cat\/iesdelvoltreganes\/wp-json\/wp\/v2\/categories?post=2222"},{"taxonomy":"post_tag","embeddable":true,"href":"https:\/\/agora.xtec.cat\/iesdelvoltreganes\/wp-json\/wp\/v2\/tags?post=2222"}],"curies":[{"name":"wp","href":"https:\/\/api.w.org\/{rel}","templated":true}]}}