{"id":2211,"date":"2017-04-10T09:02:36","date_gmt":"2017-04-10T07:02:36","guid":{"rendered":"http:\/\/agora.xtec.cat\/iesdelvoltreganes\/?p=2211"},"modified":"2017-04-25T09:07:22","modified_gmt":"2017-04-25T07:07:22","slug":"ruta-de-lexili","status":"publish","type":"post","link":"https:\/\/agora.xtec.cat\/iesdelvoltreganes\/general\/ruta-de-lexili\/","title":{"rendered":"Ruta de l&#8217;exili"},"content":{"rendered":"<p><a href=\"https:\/\/goo.gl\/photos\/a1MpwkT51dpLTqCj6\"><img loading=\"lazy\" decoding=\"async\" class=\"alignnone wp-image-2212 size-medium\" src=\"http:\/\/agora.xtec.cat\/iesdelvoltreganes\/wp-content\/uploads\/usu618\/2017\/04\/FullSizeRender-1-300x199.jpg\" alt=\"FullSizeRender-1\" width=\"300\" height=\"199\" srcset=\"https:\/\/agora.xtec.cat\/iesdelvoltreganes\/wp-content\/uploads\/usu618\/2017\/04\/FullSizeRender-1-300x199.jpg 300w, https:\/\/agora.xtec.cat\/iesdelvoltreganes\/wp-content\/uploads\/usu618\/2017\/04\/FullSizeRender-1-768x510.jpg 768w, https:\/\/agora.xtec.cat\/iesdelvoltreganes\/wp-content\/uploads\/usu618\/2017\/04\/FullSizeRender-1-1024x680.jpg 1024w\" sizes=\"auto, (max-width: 300px) 100vw, 300px\" \/><\/a><\/p>\n<p>&nbsp;<br \/>\nEls alumnes de 2n de batxillerat van anar el passat 6 d\u2019abril a la Ruta de l\u2019exili, en el marc de la mat\u00e8ria d\u2019Hist\u00f2ria i dintre del tema que estan estudiant en aquestes dates sobre la Guerra Civil.<br \/>\nLa ruta comen\u00e7a per la visita al Museu de l\u2019exili (MUME) a la Jonquera, on amb l\u2019explicaci\u00f3 dels monitors van visitar els diversos espais que expliquen l\u2019\u00e8xode al final de la guerra civil, els camps de refugiats de Fran\u00e7a i l\u2019impacte de la 2a Guerra Mundial.<br \/>\nA continuaci\u00f3 i ja amb l\u2019autocar i fent una petita caminada es visita l\u2019anomenada mina d\u2019en Negr\u00edn o mina Canta on es van amagar els camions amb el tresors (obres d\u2019art&#8230;) de la Rep\u00fablica que despr\u00e9s van anar a Su\u00cfssa com a pa\u00eds neutral.<br \/>\nLa darrera etapa \u00e9s la caminada cap al Coll de Lli, cam\u00ed que arriba a Fran\u00e7a, per on van passar el president Companys, el lendakari Aguirre i els presidents del govern Juan Negr\u00edn i de la Rep\u00fablica Manuel Aza\u00f1a en el seu cam\u00ed cap a l\u2019exili. All\u00e0 els alumnes van veure el petit monument que hi ha i van seguir l\u2019explicaci\u00f3 dels monitors, que van llegir algun text dels testimonis dels fets.<\/p>\n","protected":false},"excerpt":{"rendered":"<p><a href=\"https:\/\/goo.gl\/photos\/a1MpwkT51dpLTqCj6\"><\/a><br \/>\n&nbsp;<br \/>\nEls alumnes de 2n de batxillerat van anar el passat 6 d\u2019abril a la Ruta de l\u2019exili, en el marc de la mat\u00e8ria d\u2019Hist\u00f2ria i dintre del tema que estan estudiant en aquestes dates sobre la Guerra Civil.<br \/>\nLa ruta comen\u00e7a per la visita al&hellip;  <a href=\"https:\/\/agora.xtec.cat\/iesdelvoltreganes\/general\/ruta-de-lexili\/\" title=\"Read Ruta de l&#8217;exili\">Llegeix m\u00e9s\u00bb<\/a><\/p>\n","protected":false},"author":6,"featured_media":0,"comment_status":"open","ping_status":"open","sticky":false,"template":"","format":"standard","meta":{"_bbp_topic_count":0,"_bbp_reply_count":0,"_bbp_total_topic_count":0,"_bbp_total_reply_count":0,"_bbp_voice_count":0,"_bbp_anonymous_reply_count":0,"_bbp_topic_count_hidden":0,"_bbp_reply_count_hidden":0,"_bbp_forum_subforum_count":0,"footnotes":""},"categories":[8,66,1,29],"tags":[39],"class_list":["post-2211","post","type-post","status-publish","format-standard","hentry","category-batxillerat","category-ciencies-socials","category-general","category-portada","tag-sortides"],"post_mailing_queue_ids":[],"_links":{"self":[{"href":"https:\/\/agora.xtec.cat\/iesdelvoltreganes\/wp-json\/wp\/v2\/posts\/2211","targetHints":{"allow":["GET"]}}],"collection":[{"href":"https:\/\/agora.xtec.cat\/iesdelvoltreganes\/wp-json\/wp\/v2\/posts"}],"about":[{"href":"https:\/\/agora.xtec.cat\/iesdelvoltreganes\/wp-json\/wp\/v2\/types\/post"}],"author":[{"embeddable":true,"href":"https:\/\/agora.xtec.cat\/iesdelvoltreganes\/wp-json\/wp\/v2\/users\/6"}],"replies":[{"embeddable":true,"href":"https:\/\/agora.xtec.cat\/iesdelvoltreganes\/wp-json\/wp\/v2\/comments?post=2211"}],"version-history":[{"count":1,"href":"https:\/\/agora.xtec.cat\/iesdelvoltreganes\/wp-json\/wp\/v2\/posts\/2211\/revisions"}],"predecessor-version":[{"id":2213,"href":"https:\/\/agora.xtec.cat\/iesdelvoltreganes\/wp-json\/wp\/v2\/posts\/2211\/revisions\/2213"}],"wp:attachment":[{"href":"https:\/\/agora.xtec.cat\/iesdelvoltreganes\/wp-json\/wp\/v2\/media?parent=2211"}],"wp:term":[{"taxonomy":"category","embeddable":true,"href":"https:\/\/agora.xtec.cat\/iesdelvoltreganes\/wp-json\/wp\/v2\/categories?post=2211"},{"taxonomy":"post_tag","embeddable":true,"href":"https:\/\/agora.xtec.cat\/iesdelvoltreganes\/wp-json\/wp\/v2\/tags?post=2211"}],"curies":[{"name":"wp","href":"https:\/\/api.w.org\/{rel}","templated":true}]}}