{"id":2191,"date":"2017-04-20T12:46:57","date_gmt":"2017-04-20T10:46:57","guid":{"rendered":"http:\/\/agora.xtec.cat\/iesdelvoltreganes\/?p=2191"},"modified":"2017-05-09T16:13:17","modified_gmt":"2017-05-09T14:13:17","slug":"trobada-escoles-verdes","status":"publish","type":"post","link":"https:\/\/agora.xtec.cat\/iesdelvoltreganes\/general\/trobada-escoles-verdes\/","title":{"rendered":"Trobada escoles verdes"},"content":{"rendered":"<p><a href=\"https:\/\/drive.google.com\/file\/d\/0B-t4vBsl7WldZ0hZZ09raG40RG8\/view?usp=sharing\" target=\"_blank\">Resum F\u00f2rum Osona i Ripoll\u00e8s<\/a><\/p>\n<p>L\u2019Institut del Voltregan\u00e8s ha participat una vegada m\u00e9s a la trobada d\u00b4intercanvi d\u2019experi\u00e8ncies d\u2019Escoles Verdes d\u2019Osona i Ripoll\u00e8s, que enguany es va realitzar al Castell de Montesquiu.<br \/>\nDurant la jornada els alumnes i professors representants de cada institut van realitzar una s\u00e8rie d\u2019activitats per explicar als companys les diferents accions i problem\u00e0tiques ambientals que es treballen a l\u2019institut, i despr\u00e9s elaborar una metodologia i gui\u00f3 com\u00fa, per a passar de l\u2019acci\u00f3 local a la incid\u00e8ncia global.<\/p>\n<p>Els voluntaris ambientals de 2n d\u2019ESO Tarik El Danioui, Eul\u00e0lia Ordeig, Aleix Dordal i Marc Pielias van exposar amb gran \u00e8xit la campanya de recollida i reciclatge de m\u00f2bils que estem realitzant a l\u2019Institut del Voltregan\u00e8s: sensibilitzaci\u00f3 i conscienciaci\u00f3 de tota la comunitat educativa a trav\u00e9s de la realitzaci\u00f3 i difusi\u00f3 d\u2019infografies sobre els problemes i solucions de l\u2019\u00fas dels minerals als m\u00f2bils durant la setmana competencial, concurs d\u2019esl\u00f2gans per la campanya, disseny del contenidor de recollida per part dels alumnes de Junts sumem, i contacte amb la fundaci\u00f3 Jane Goodall per a la recollida de m\u00f2bils vells. Us seguirem informant!<\/p>\n<p><a href=\"http:\/\/agora.xtec.cat\/iesdelvoltreganes\/wp-content\/uploads\/usu618\/2017\/04\/boj1.jpg\"><img loading=\"lazy\" decoding=\"async\" class=\"alignnone size-medium wp-image-2202\" src=\"http:\/\/agora.xtec.cat\/iesdelvoltreganes\/wp-content\/uploads\/usu618\/2017\/04\/boj1-300x225.jpg\" alt=\"boj1\" width=\"300\" height=\"225\" srcset=\"https:\/\/agora.xtec.cat\/iesdelvoltreganes\/wp-content\/uploads\/usu618\/2017\/04\/boj1-300x225.jpg 300w, https:\/\/agora.xtec.cat\/iesdelvoltreganes\/wp-content\/uploads\/usu618\/2017\/04\/boj1-768x576.jpg 768w, https:\/\/agora.xtec.cat\/iesdelvoltreganes\/wp-content\/uploads\/usu618\/2017\/04\/boj1-1024x768.jpg 1024w, https:\/\/agora.xtec.cat\/iesdelvoltreganes\/wp-content\/uploads\/usu618\/2017\/04\/boj1-200x150.jpg 200w, https:\/\/agora.xtec.cat\/iesdelvoltreganes\/wp-content\/uploads\/usu618\/2017\/04\/boj1.jpg 1040w\" sizes=\"auto, (max-width: 300px) 100vw, 300px\" \/><\/a> <a href=\"http:\/\/agora.xtec.cat\/iesdelvoltreganes\/wp-content\/uploads\/usu618\/2017\/04\/boj22.jpg\"><img loading=\"lazy\" decoding=\"async\" class=\"alignnone size-medium wp-image-2203\" src=\"http:\/\/agora.xtec.cat\/iesdelvoltreganes\/wp-content\/uploads\/usu618\/2017\/04\/boj22-300x225.jpg\" alt=\"boj22\" width=\"300\" height=\"225\" srcset=\"https:\/\/agora.xtec.cat\/iesdelvoltreganes\/wp-content\/uploads\/usu618\/2017\/04\/boj22-300x225.jpg 300w, https:\/\/agora.xtec.cat\/iesdelvoltreganes\/wp-content\/uploads\/usu618\/2017\/04\/boj22-768x576.jpg 768w, https:\/\/agora.xtec.cat\/iesdelvoltreganes\/wp-content\/uploads\/usu618\/2017\/04\/boj22-1024x768.jpg 1024w, https:\/\/agora.xtec.cat\/iesdelvoltreganes\/wp-content\/uploads\/usu618\/2017\/04\/boj22-200x150.jpg 200w, https:\/\/agora.xtec.cat\/iesdelvoltreganes\/wp-content\/uploads\/usu618\/2017\/04\/boj22.jpg 1040w\" sizes=\"auto, (max-width: 300px) 100vw, 300px\" \/><\/a> <a href=\"http:\/\/agora.xtec.cat\/iesdelvoltreganes\/wp-content\/uploads\/usu618\/2017\/04\/boq.jpg\"><img loading=\"lazy\" decoding=\"async\" class=\"alignnone size-medium wp-image-2204\" src=\"http:\/\/agora.xtec.cat\/iesdelvoltreganes\/wp-content\/uploads\/usu618\/2017\/04\/boq-300x225.jpg\" alt=\"boq\" width=\"300\" height=\"225\" srcset=\"https:\/\/agora.xtec.cat\/iesdelvoltreganes\/wp-content\/uploads\/usu618\/2017\/04\/boq-300x225.jpg 300w, https:\/\/agora.xtec.cat\/iesdelvoltreganes\/wp-content\/uploads\/usu618\/2017\/04\/boq-768x576.jpg 768w, https:\/\/agora.xtec.cat\/iesdelvoltreganes\/wp-content\/uploads\/usu618\/2017\/04\/boq-1024x768.jpg 1024w, https:\/\/agora.xtec.cat\/iesdelvoltreganes\/wp-content\/uploads\/usu618\/2017\/04\/boq-200x150.jpg 200w, https:\/\/agora.xtec.cat\/iesdelvoltreganes\/wp-content\/uploads\/usu618\/2017\/04\/boq.jpg 1040w\" sizes=\"auto, (max-width: 300px) 100vw, 300px\" \/><\/a><\/p>\n","protected":false},"excerpt":{"rendered":"<p><a href=\"https:\/\/drive.google.com\/file\/d\/0B-t4vBsl7WldZ0hZZ09raG40RG8\/view?usp=sharing\" target=\"_blank\">Resum F\u00f2rum Osona i Ripoll\u00e8s<\/a><br \/>\nL\u2019Institut del Voltregan\u00e8s ha participat una vegada m\u00e9s a la trobada d\u00b4intercanvi d\u2019experi\u00e8ncies d\u2019Escoles Verdes d\u2019Osona i Ripoll\u00e8s, que enguany es va realitzar al Castell de Montesquiu.<br \/>\nDurant la jornada els alumnes i professors representants de cada institut van realitzar&hellip;  <a href=\"https:\/\/agora.xtec.cat\/iesdelvoltreganes\/general\/trobada-escoles-verdes\/\" title=\"Read Trobada escoles verdes\">Llegeix m\u00e9s\u00bb<\/a><\/p>\n","protected":false},"author":6,"featured_media":0,"comment_status":"open","ping_status":"open","sticky":false,"template":"","format":"standard","meta":{"_bbp_topic_count":0,"_bbp_reply_count":0,"_bbp_total_topic_count":0,"_bbp_total_reply_count":0,"_bbp_voice_count":0,"_bbp_anonymous_reply_count":0,"_bbp_topic_count_hidden":0,"_bbp_reply_count_hidden":0,"_bbp_forum_subforum_count":0,"footnotes":""},"categories":[65,1,29],"tags":[],"class_list":["post-2191","post","type-post","status-publish","format-standard","hentry","category-ciencies-experimentals","category-general","category-portada"],"post_mailing_queue_ids":[],"_links":{"self":[{"href":"https:\/\/agora.xtec.cat\/iesdelvoltreganes\/wp-json\/wp\/v2\/posts\/2191","targetHints":{"allow":["GET"]}}],"collection":[{"href":"https:\/\/agora.xtec.cat\/iesdelvoltreganes\/wp-json\/wp\/v2\/posts"}],"about":[{"href":"https:\/\/agora.xtec.cat\/iesdelvoltreganes\/wp-json\/wp\/v2\/types\/post"}],"author":[{"embeddable":true,"href":"https:\/\/agora.xtec.cat\/iesdelvoltreganes\/wp-json\/wp\/v2\/users\/6"}],"replies":[{"embeddable":true,"href":"https:\/\/agora.xtec.cat\/iesdelvoltreganes\/wp-json\/wp\/v2\/comments?post=2191"}],"version-history":[{"count":3,"href":"https:\/\/agora.xtec.cat\/iesdelvoltreganes\/wp-json\/wp\/v2\/posts\/2191\/revisions"}],"predecessor-version":[{"id":2247,"href":"https:\/\/agora.xtec.cat\/iesdelvoltreganes\/wp-json\/wp\/v2\/posts\/2191\/revisions\/2247"}],"wp:attachment":[{"href":"https:\/\/agora.xtec.cat\/iesdelvoltreganes\/wp-json\/wp\/v2\/media?parent=2191"}],"wp:term":[{"taxonomy":"category","embeddable":true,"href":"https:\/\/agora.xtec.cat\/iesdelvoltreganes\/wp-json\/wp\/v2\/categories?post=2191"},{"taxonomy":"post_tag","embeddable":true,"href":"https:\/\/agora.xtec.cat\/iesdelvoltreganes\/wp-json\/wp\/v2\/tags?post=2191"}],"curies":[{"name":"wp","href":"https:\/\/api.w.org\/{rel}","templated":true}]}}