{"id":2180,"date":"2017-04-20T09:50:24","date_gmt":"2017-04-20T07:50:24","guid":{"rendered":"http:\/\/agora.xtec.cat\/iesdelvoltreganes\/?p=2180"},"modified":"2017-04-20T09:51:51","modified_gmt":"2017-04-20T07:51:51","slug":"visita-al-museu-dhistoria-de-catalunya","status":"publish","type":"post","link":"https:\/\/agora.xtec.cat\/iesdelvoltreganes\/general\/visita-al-museu-dhistoria-de-catalunya\/","title":{"rendered":"Visita al Museu d&#8217;Hist\u00f2ria de Catalunya"},"content":{"rendered":"<p>Els alumnes de 4t d&#8217;ESO han visitat el Museu d&#8217;Hist\u00f2ria de Catalunya i amb grups han realitzat un taller: El segle passat, el segle XX. Rep\u00fablica, guerra civil, franquisme.<br \/>\nEl taller ha ofert una visi\u00f3 general del segle XX, centrant-se en els tres per\u00edodes importants de la hist\u00f2ria contempor\u00e0nia de Catalunya i Espanya: la rep\u00fablica, la guerra civil i el franquisme. S&#8217;han treballat els fets hist\u00f2rics, per\u00f2 tamb\u00e9 com era la vida de la gent en cadascun d&#8217;aquests moments.<\/p>\n<p><a href=\"https:\/\/goo.gl\/photos\/BrMpX5JTqf1YtxzD8\" target=\"_blank\"><img loading=\"lazy\" decoding=\"async\" class=\"wp-image-2181 size-medium aligncenter\" src=\"http:\/\/agora.xtec.cat\/iesdelvoltreganes\/wp-content\/uploads\/usu618\/2017\/04\/IMG_6741-300x225.jpg\" alt=\"IMG_6741\" width=\"300\" height=\"225\" srcset=\"https:\/\/agora.xtec.cat\/iesdelvoltreganes\/wp-content\/uploads\/usu618\/2017\/04\/IMG_6741-300x225.jpg 300w, https:\/\/agora.xtec.cat\/iesdelvoltreganes\/wp-content\/uploads\/usu618\/2017\/04\/IMG_6741-200x150.jpg 200w, https:\/\/agora.xtec.cat\/iesdelvoltreganes\/wp-content\/uploads\/usu618\/2017\/04\/IMG_6741.jpg 640w\" sizes=\"auto, (max-width: 300px) 100vw, 300px\" \/><\/a><\/p>\n","protected":false},"excerpt":{"rendered":"<p>Els alumnes de 4t d&#8217;ESO han visitat el Museu d&#8217;Hist\u00f2ria de Catalunya i amb grups han realitzat un taller: El segle passat, el segle XX. Rep\u00fablica, guerra civil, franquisme.<br \/>\nEl taller ha ofert una visi\u00f3 general del segle XX, centrant-se en els tres per\u00edodes importants de&hellip;  <a href=\"https:\/\/agora.xtec.cat\/iesdelvoltreganes\/general\/visita-al-museu-dhistoria-de-catalunya\/\" title=\"Read Visita al Museu d&#8217;Hist\u00f2ria de Catalunya\">Llegeix m\u00e9s\u00bb<\/a><\/p>\n","protected":false},"author":6,"featured_media":0,"comment_status":"open","ping_status":"open","sticky":false,"template":"","format":"standard","meta":{"_bbp_topic_count":0,"_bbp_reply_count":0,"_bbp_total_topic_count":0,"_bbp_total_reply_count":0,"_bbp_voice_count":0,"_bbp_anonymous_reply_count":0,"_bbp_topic_count_hidden":0,"_bbp_reply_count_hidden":0,"_bbp_forum_subforum_count":0,"footnotes":""},"categories":[66,7,1,29],"tags":[39],"class_list":["post-2180","post","type-post","status-publish","format-standard","hentry","category-ciencies-socials","category-eso-4","category-general","category-portada","tag-sortides"],"post_mailing_queue_ids":[],"_links":{"self":[{"href":"https:\/\/agora.xtec.cat\/iesdelvoltreganes\/wp-json\/wp\/v2\/posts\/2180","targetHints":{"allow":["GET"]}}],"collection":[{"href":"https:\/\/agora.xtec.cat\/iesdelvoltreganes\/wp-json\/wp\/v2\/posts"}],"about":[{"href":"https:\/\/agora.xtec.cat\/iesdelvoltreganes\/wp-json\/wp\/v2\/types\/post"}],"author":[{"embeddable":true,"href":"https:\/\/agora.xtec.cat\/iesdelvoltreganes\/wp-json\/wp\/v2\/users\/6"}],"replies":[{"embeddable":true,"href":"https:\/\/agora.xtec.cat\/iesdelvoltreganes\/wp-json\/wp\/v2\/comments?post=2180"}],"version-history":[{"count":3,"href":"https:\/\/agora.xtec.cat\/iesdelvoltreganes\/wp-json\/wp\/v2\/posts\/2180\/revisions"}],"predecessor-version":[{"id":2184,"href":"https:\/\/agora.xtec.cat\/iesdelvoltreganes\/wp-json\/wp\/v2\/posts\/2180\/revisions\/2184"}],"wp:attachment":[{"href":"https:\/\/agora.xtec.cat\/iesdelvoltreganes\/wp-json\/wp\/v2\/media?parent=2180"}],"wp:term":[{"taxonomy":"category","embeddable":true,"href":"https:\/\/agora.xtec.cat\/iesdelvoltreganes\/wp-json\/wp\/v2\/categories?post=2180"},{"taxonomy":"post_tag","embeddable":true,"href":"https:\/\/agora.xtec.cat\/iesdelvoltreganes\/wp-json\/wp\/v2\/tags?post=2180"}],"curies":[{"name":"wp","href":"https:\/\/api.w.org\/{rel}","templated":true}]}}