{"id":2176,"date":"2017-04-17T19:30:00","date_gmt":"2017-04-17T17:30:00","guid":{"rendered":"http:\/\/agora.xtec.cat\/iesdelvoltreganes\/?p=2176"},"modified":"2018-02-19T09:58:49","modified_gmt":"2018-02-19T08:58:49","slug":"andrea-wulf","status":"publish","type":"post","link":"https:\/\/agora.xtec.cat\/iesdelvoltreganes\/general\/andrea-wulf\/","title":{"rendered":"Andrea Wulf"},"content":{"rendered":"<p>Andrea Wulf<br \/>\n<em>La invenci\u00f3n de la naturaleza.\u00a0El nuevo mundo de Alexander Von Humboldt<\/em><br \/>\nTaurus<\/p>\n<p><a href=\"http:\/\/agora.xtec.cat\/iesdelvoltreganes\/wp-content\/uploads\/usu618\/2017\/04\/humboldt.jpg\"><img loading=\"lazy\" decoding=\"async\" class=\"alignnone size-medium wp-image-2177\" src=\"http:\/\/agora.xtec.cat\/iesdelvoltreganes\/wp-content\/uploads\/usu618\/2017\/04\/humboldt-188x300.jpg\" alt=\"humboldt\" width=\"188\" height=\"300\" srcset=\"https:\/\/agora.xtec.cat\/iesdelvoltreganes\/wp-content\/uploads\/usu618\/2017\/04\/humboldt-188x300.jpg 188w, https:\/\/agora.xtec.cat\/iesdelvoltreganes\/wp-content\/uploads\/usu618\/2017\/04\/humboldt.jpg 481w\" sizes=\"auto, (max-width: 188px) 100vw, 188px\" \/><\/a><\/p>\n<p>Recomanat a tots els que us agrada la natura i els viatges.<br \/>\n<em>La invenci\u00f3n de la naturaleza.\u00a0El nuevo mundo de Alexander Von Humboldt<\/em>\u00a0\u00e9s la biografia d\u2019Alexander Von Humboldt, on es fa patent la gran influ\u00e8ncia que va tenir en molts \u00e0mbits, i la seva relaci\u00f3 amb grans personalitats de l\u2019\u00e8poca: l\u2019evoluci\u00f3 (Darwin), l\u2019art i la literatura (Goethe), la revoluci\u00f3 moderna (Sim\u00f3n Bol\u00edvar) o la qu\u00edmica (Gay-Lussac). \u00c9s considerat el primer ec\u00f2leg, el primer que va percebre la natura com un tot interconnectat.<\/p>\n<p>Empar Barcons<\/p>\n","protected":false},"excerpt":{"rendered":"<p>Andrea Wulf<br \/>\nLa invenci\u00f3n de la naturaleza.\u00a0El nuevo mundo de Alexander Von Humboldt<br \/>\nTaurus<br \/>\n<a href=\"http:\/\/agora.xtec.cat\/iesdelvoltreganes\/wp-content\/uploads\/usu618\/2017\/04\/humboldt.jpg\"><\/a><br \/>\nRecomanat a tots els que us agrada la natura i els viatges.<br \/>\nLa invenci\u00f3n de la naturaleza.\u00a0El nuevo mundo de Alexander Von Humboldt\u00a0\u00e9s la biografia d\u2019Alexander Von Humboldt, on es fa patent la gran&hellip;  <a href=\"https:\/\/agora.xtec.cat\/iesdelvoltreganes\/general\/andrea-wulf\/\" title=\"Read Andrea Wulf\">Llegeix m\u00e9s\u00bb<\/a><\/p>\n","protected":false},"author":6,"featured_media":2177,"comment_status":"open","ping_status":"closed","sticky":false,"template":"","format":"standard","meta":{"_bbp_topic_count":0,"_bbp_reply_count":0,"_bbp_total_topic_count":0,"_bbp_total_reply_count":0,"_bbp_voice_count":0,"_bbp_anonymous_reply_count":0,"_bbp_topic_count_hidden":0,"_bbp_reply_count_hidden":0,"_bbp_forum_subforum_count":0,"footnotes":""},"categories":[81,1],"tags":[82],"class_list":["post-2176","post","type-post","status-publish","format-standard","has-post-thumbnail","hentry","category-llibres-recomanats","category-general","tag-llibres"],"post_mailing_queue_ids":[],"_links":{"self":[{"href":"https:\/\/agora.xtec.cat\/iesdelvoltreganes\/wp-json\/wp\/v2\/posts\/2176","targetHints":{"allow":["GET"]}}],"collection":[{"href":"https:\/\/agora.xtec.cat\/iesdelvoltreganes\/wp-json\/wp\/v2\/posts"}],"about":[{"href":"https:\/\/agora.xtec.cat\/iesdelvoltreganes\/wp-json\/wp\/v2\/types\/post"}],"author":[{"embeddable":true,"href":"https:\/\/agora.xtec.cat\/iesdelvoltreganes\/wp-json\/wp\/v2\/users\/6"}],"replies":[{"embeddable":true,"href":"https:\/\/agora.xtec.cat\/iesdelvoltreganes\/wp-json\/wp\/v2\/comments?post=2176"}],"version-history":[{"count":2,"href":"https:\/\/agora.xtec.cat\/iesdelvoltreganes\/wp-json\/wp\/v2\/posts\/2176\/revisions"}],"predecessor-version":[{"id":2179,"href":"https:\/\/agora.xtec.cat\/iesdelvoltreganes\/wp-json\/wp\/v2\/posts\/2176\/revisions\/2179"}],"wp:featuredmedia":[{"embeddable":true,"href":"https:\/\/agora.xtec.cat\/iesdelvoltreganes\/wp-json\/wp\/v2\/media\/2177"}],"wp:attachment":[{"href":"https:\/\/agora.xtec.cat\/iesdelvoltreganes\/wp-json\/wp\/v2\/media?parent=2176"}],"wp:term":[{"taxonomy":"category","embeddable":true,"href":"https:\/\/agora.xtec.cat\/iesdelvoltreganes\/wp-json\/wp\/v2\/categories?post=2176"},{"taxonomy":"post_tag","embeddable":true,"href":"https:\/\/agora.xtec.cat\/iesdelvoltreganes\/wp-json\/wp\/v2\/tags?post=2176"}],"curies":[{"name":"wp","href":"https:\/\/api.w.org\/{rel}","templated":true}]}}