{"id":2101,"date":"2017-03-27T10:28:12","date_gmt":"2017-03-27T08:28:12","guid":{"rendered":"http:\/\/agora.xtec.cat\/iesdelvoltreganes\/?p=2101"},"modified":"2017-04-04T09:11:22","modified_gmt":"2017-04-04T07:11:22","slug":"concurs-redaccio-en-castella","status":"publish","type":"post","link":"https:\/\/agora.xtec.cat\/iesdelvoltreganes\/general\/concurs-redaccio-en-castella\/","title":{"rendered":"Concurs de redacci\u00f3 en castell\u00e0"},"content":{"rendered":"<p>Dissabte 25 de mar\u00e7 cinc alumnes de segon d\u2019ESO van participar a la 57a edici\u00f3 del <em>Concurso Coca-Cola J\u00f3venes Talentos de Relato Corto<\/em>, que es va realitzar a l\u2019Institut Cirvi\u00e0num de Torell\u00f3.<\/p>\n<p>Les concursants van haver de redactar el seu text basant-se en una capsa que contenia gespa artificial i en l\u2019oraci\u00f3 <em>Era su \u00faltima oportunidad para descubrirlo.<\/em><\/p>\n<p>Ara nom\u00e9s \u00e9s q\u00fcesti\u00f3 d\u2019esperar el veredicte del jurat.<\/p>\n<p><a href=\"http:\/\/agora.xtec.cat\/iesdelvoltreganes\/wp-content\/uploads\/usu618\/2017\/03\/bo.jpg\"><img loading=\"lazy\" decoding=\"async\" class=\"alignnone wp-image-2103 size-full\" src=\"http:\/\/agora.xtec.cat\/iesdelvoltreganes\/wp-content\/uploads\/usu618\/2017\/03\/bo.jpg\" alt=\"bo\" width=\"260\" height=\"195\" srcset=\"https:\/\/agora.xtec.cat\/iesdelvoltreganes\/wp-content\/uploads\/usu618\/2017\/03\/bo.jpg 260w, https:\/\/agora.xtec.cat\/iesdelvoltreganes\/wp-content\/uploads\/usu618\/2017\/03\/bo-200x150.jpg 200w\" sizes=\"auto, (max-width: 260px) 100vw, 260px\" \/><\/a> <a href=\"http:\/\/agora.xtec.cat\/iesdelvoltreganes\/wp-content\/uploads\/usu618\/2017\/03\/boo.jpg\"><img loading=\"lazy\" decoding=\"async\" class=\"alignnone wp-image-2104 size-full\" src=\"http:\/\/agora.xtec.cat\/iesdelvoltreganes\/wp-content\/uploads\/usu618\/2017\/03\/boo.jpg\" alt=\"boo\" width=\"260\" height=\"195\" srcset=\"https:\/\/agora.xtec.cat\/iesdelvoltreganes\/wp-content\/uploads\/usu618\/2017\/03\/boo.jpg 260w, https:\/\/agora.xtec.cat\/iesdelvoltreganes\/wp-content\/uploads\/usu618\/2017\/03\/boo-200x150.jpg 200w\" sizes=\"auto, (max-width: 260px) 100vw, 260px\" \/><\/a><\/p>\n","protected":false},"excerpt":{"rendered":"<p>Dissabte 25 de mar\u00e7 cinc alumnes de segon d\u2019ESO van participar a la 57a edici\u00f3 del Concurso Coca-Cola J\u00f3venes Talentos de Relato Corto, que es va realitzar a l\u2019Institut Cirvi\u00e0num de Torell\u00f3.<br \/>\nLes concursants van haver de redactar el seu text basant-se en una capsa que&hellip;  <a href=\"https:\/\/agora.xtec.cat\/iesdelvoltreganes\/general\/concurs-redaccio-en-castella\/\" title=\"Read Concurs de redacci\u00f3 en castell\u00e0\">Llegeix m\u00e9s\u00bb<\/a><\/p>\n","protected":false},"author":6,"featured_media":0,"comment_status":"open","ping_status":"open","sticky":false,"template":"","format":"standard","meta":{"_bbp_topic_count":0,"_bbp_reply_count":0,"_bbp_total_topic_count":0,"_bbp_total_reply_count":0,"_bbp_voice_count":0,"_bbp_anonymous_reply_count":0,"_bbp_topic_count_hidden":0,"_bbp_reply_count_hidden":0,"_bbp_forum_subforum_count":0,"footnotes":""},"categories":[5,1,72,29],"tags":[57],"class_list":["post-2101","post","type-post","status-publish","format-standard","hentry","category-eso-2","category-general","category-llengues-i-literatura","category-portada","tag-expressio-escrita"],"post_mailing_queue_ids":[],"_links":{"self":[{"href":"https:\/\/agora.xtec.cat\/iesdelvoltreganes\/wp-json\/wp\/v2\/posts\/2101","targetHints":{"allow":["GET"]}}],"collection":[{"href":"https:\/\/agora.xtec.cat\/iesdelvoltreganes\/wp-json\/wp\/v2\/posts"}],"about":[{"href":"https:\/\/agora.xtec.cat\/iesdelvoltreganes\/wp-json\/wp\/v2\/types\/post"}],"author":[{"embeddable":true,"href":"https:\/\/agora.xtec.cat\/iesdelvoltreganes\/wp-json\/wp\/v2\/users\/6"}],"replies":[{"embeddable":true,"href":"https:\/\/agora.xtec.cat\/iesdelvoltreganes\/wp-json\/wp\/v2\/comments?post=2101"}],"version-history":[{"count":3,"href":"https:\/\/agora.xtec.cat\/iesdelvoltreganes\/wp-json\/wp\/v2\/posts\/2101\/revisions"}],"predecessor-version":[{"id":2146,"href":"https:\/\/agora.xtec.cat\/iesdelvoltreganes\/wp-json\/wp\/v2\/posts\/2101\/revisions\/2146"}],"wp:attachment":[{"href":"https:\/\/agora.xtec.cat\/iesdelvoltreganes\/wp-json\/wp\/v2\/media?parent=2101"}],"wp:term":[{"taxonomy":"category","embeddable":true,"href":"https:\/\/agora.xtec.cat\/iesdelvoltreganes\/wp-json\/wp\/v2\/categories?post=2101"},{"taxonomy":"post_tag","embeddable":true,"href":"https:\/\/agora.xtec.cat\/iesdelvoltreganes\/wp-json\/wp\/v2\/tags?post=2101"}],"curies":[{"name":"wp","href":"https:\/\/api.w.org\/{rel}","templated":true}]}}